{"id":1,"date":"2008-06-05T09:35:08","date_gmt":"2008-06-05T08:35:08","guid":{"rendered":"http:\/\/poesiamas.net\/blog\/?p=1"},"modified":"2008-06-05T09:35:08","modified_gmt":"2008-06-05T08:35:08","slug":"hello-world","status":"publish","type":"post","link":"https:\/\/escribocreativo.com\/blog\/2008\/06\/05\/hello-world\/","title":{"rendered":"Desde Canarias"},"content":{"rendered":"<p><a href=\"https:\/\/escribocreativo.com\/blog\/wp-content\/uploads\/2008\/11\/sancristobal.jpg\"><img loading=\"lazy\" decoding=\"async\" class=\"alignleft size-medium wp-image-938\" style=\"border: 1px solid black; margin: 7px;\" title=\"Castillo San Crist\u00f3bal\" src=\"https:\/\/escribocreativo.com\/blog\/wp-content\/uploads\/2008\/11\/sancristobal-214x300.jpg\" alt=\"Castillo San Crist\u00f3bal\" width=\"234\" height=\"329\" \/><\/a>Ha cambiado la entrada porque no quiero comenzar mi bit\u00e1cora con una noticia tan quejica. Ver\u00e1s, ocurre que hoy no tenemos calima pero el tiempo se ha vuelto un poco m\u00e1s ventoso. En la calle no hace fr\u00edo, pero se est\u00e1 fresco. Con una camisa y unos vaqueros uno puede ir a cualquier parte. Si vives en zonas ventosas igual recomiendo una chaquetita; para los de cuerpo abundante, un chaquet\u00f3n.<\/p>\n<p>Luego tom\u00e9 un atajo y baj\u00e9 a la playa de cemento y piedra. Los que son de la capital la conocen: San Crist\u00f3bal. Un viejo torre\u00f3n, que llamamos castillo -porque aqu\u00ed todo es min\u00fasculo y entonces nos parece gigante una construcci\u00f3n que no nos defender\u00eda de un grupo de adolescentes en una chalana-, reverde de musgo en su base, cercano a la orilla; y yo que lo acompa\u00f1o.<\/p>\n<p>No sucede nada. El tiempo es apacible y la mar se encrespa ligeramente. Las nubes transitan tranquilas y dejan que el sol me caliente la cara. Son las siete de la tarde pero el tr\u00f3pico tiene estas cosas.<\/p>\n<p><!--more--><\/p>\n<p>Luego me subo y pienso: he perdido tiempo pero he ganado en salud. Me sonr\u00edo: me apetecer\u00eda charlar con cualquiera de la vida. Por eso busco un se\u00f1or mayor -o un brib\u00f3n mayor- porque ellos desconocen los protocolos de la juventud. Son m\u00e1s modernos que los j\u00f3venes modernos.<\/p>\n<p>Le miro y le digo: \u00a1pues parece que hace buen tiempo!<\/p>\n<p>Y me responde: S\u00ed. En la tele dicen que viene lluvia, yo me traje mi chaquetita por si acaso.<\/p>\n<p>Era delgado; de ah\u00ed que no usara chaquet\u00f3n.<\/p>\n","protected":false},"excerpt":{"rendered":"<p>Ha cambiado la entrada porque no quiero comenzar mi bit\u00e1cora con una noticia tan quejica. Ver\u00e1s, ocurre que hoy no tenemos calima pero el tiempo se ha vuelto un poco m\u00e1s ventoso. En la calle no hace fr\u00edo, pero se est\u00e1 fresco. Con una camisa y unos vaqueros uno puede ir a cualquier parte. Si vives en zonas ventosas igual[&#8230;]<\/p>\n","protected":false},"author":1,"featured_media":0,"comment_status":"open","ping_status":"open","sticky":false,"template":"","format":"standard","meta":{"footnotes":""},"categories":[10],"tags":[469,1465,1905,2105,3093,3271],"class_list":["post-1","post","type-post","status-publish","format-standard","hentry","category-la-ciudad-reflexiva","tag-canarias","tag-gran-canaria","tag-las-palmas","tag-mar","tag-sol","tag-tiempo"],"_links":{"self":[{"href":"https:\/\/escribocreativo.com\/blog\/wp-json\/wp\/v2\/posts\/1","targetHints":{"allow":["GET"]}}],"collection":[{"href":"https:\/\/escribocreativo.com\/blog\/wp-json\/wp\/v2\/posts"}],"about":[{"href":"https:\/\/escribocreativo.com\/blog\/wp-json\/wp\/v2\/types\/post"}],"author":[{"embeddable":true,"href":"https:\/\/escribocreativo.com\/blog\/wp-json\/wp\/v2\/users\/1"}],"replies":[{"embeddable":true,"href":"https:\/\/escribocreativo.com\/blog\/wp-json\/wp\/v2\/comments?post=1"}],"version-history":[{"count":0,"href":"https:\/\/escribocreativo.com\/blog\/wp-json\/wp\/v2\/posts\/1\/revisions"}],"wp:attachment":[{"href":"https:\/\/escribocreativo.com\/blog\/wp-json\/wp\/v2\/media?parent=1"}],"wp:term":[{"taxonomy":"category","embeddable":true,"href":"https:\/\/escribocreativo.com\/blog\/wp-json\/wp\/v2\/categories?post=1"},{"taxonomy":"post_tag","embeddable":true,"href":"https:\/\/escribocreativo.com\/blog\/wp-json\/wp\/v2\/tags?post=1"}],"curies":[{"name":"wp","href":"https:\/\/api.w.org\/{rel}","templated":true}]}}