{"id":1061,"date":"2008-12-03T07:26:05","date_gmt":"2008-12-03T07:26:05","guid":{"rendered":"http:\/\/poesiamas.net\/blog\/?p=1061"},"modified":"2015-03-14T00:51:23","modified_gmt":"2015-03-14T00:51:23","slug":"males-endemicos-del-escritor-parte-ii","status":"publish","type":"post","link":"https:\/\/escribocreativo.com\/blog\/2008\/12\/03\/males-endemicos-del-escritor-parte-ii\/","title":{"rendered":"Males end\u00e9micos del escritor &#8211; Parte II"},"content":{"rendered":"<p style=\"text-align: center;\"><a href=\"https:\/\/escribocreativo.com\/blog\/wp-content\/uploads\/2008\/12\/bloqueitis.jpg\"><img loading=\"lazy\" decoding=\"async\" class=\"size-medium wp-image-1058 aligncenter\" style=\"border: 1px solid black;\" title=\"bloqueitis\" src=\"https:\/\/escribocreativo.com\/blog\/wp-content\/uploads\/2008\/12\/bloqueitis-300x199.jpg\" alt=\"\" width=\"300\" height=\"199\" \/><\/a><\/p>\n<p><strong>El mal de la Luna.<\/strong><\/p>\n<p style=\"text-align: justify;\">El escritor despistado, m\u00e1s pendiente de su texto que de cualquier otro suceso que ocurra en el universo, puede llegar a extremos enfermizos si padece el mal de la luna. No es recomendable para escritores\/as que no hayan suscrito una p\u00f3liza de seguros -y que paguen los plazos-. El mal se reconoce porque un extra\u00f1o haz de luz,  invisible para el ojo no entrenado, infecta moment\u00e1neamente -y de forma benigna- a quien est\u00e9 a su vera, que exclama con acritud: &#8220;\u00a1parece que est\u00e1s en la luna!&#8221;.<\/p>\n<p style=\"text-align: justify;\">El mal de la luna, seg\u00fan \u00faltimas investigaciones, se contagia a menudo por herencia gen\u00e9tica. Si el padre del escritor\/a era un despistado, por ejemplo, se comenta: sali\u00f3 al padre. Aqu\u00ed hay poco que hacer; tan solo recomendamos usar ri\u00f1oneras y chichoneras en articulaciones para evitar males mayores. Y las latas de paciencia que venden ahora los japoneses en los supermercados. Estos japoneses son tremendos.<\/p>\n<p style=\"text-align: justify;\"><!--more--><\/p>\n<p style=\"text-align: justify;\"><strong>El mal de Venus.<\/strong><\/p>\n<p style=\"text-align: justify;\">El mal de Venus genera pol\u00e9mica entre los expertos de todo el mundo. Hay quien afirma -en compa\u00f1\u00eda de nadie- que no existe -como los que dicen que no existen los sin\u00f3nimos, por aquello del estructuralismo y Saussure-, pero hasta que no se aclare el hecho con un hallazgo genial, seguir\u00e1 constando como mal del escritor. He aqu\u00ed un ejemplo.<\/p>\n<p style=\"text-align: justify;\">-Cari\u00f1o, \u00bffuistes a pagar la guarder\u00eda del nen\u00e9?<\/p>\n<p style=\"text-align: justify;\">-Cielo, estoy trabajando en el cap\u00edtulo XVII.<\/p>\n<p style=\"text-align: justify;\">-\u00bfY yo qu\u00e9 hago entonces de 8 a 7?<\/p>\n<p style=\"text-align: justify;\">Otro d\u00eda:<\/p>\n<p style=\"text-align: justify;\">-Amor, \u00bffuistes a traer la nevera, que se nos descongela todo? \u00a1Por Dios!<\/p>\n<p style=\"text-align: justify;\">-Cielo, estoy acabando con el cap\u00edtulo, ahora s\u00ed que no puedo.<\/p>\n<p style=\"text-align: justify;\">Al d\u00eda siguiente del otro d\u00eda:<\/p>\n<p style=\"text-align: justify;\">-\u00a1T\u00fa! \u00a1Se puede saber porqu\u00e9 no regresastes que te prepar\u00e9 tu comida favorita y hasta las tres me tuvistes despierta! \u00a1Es que te crees que eres el \u00fanico que trabaja en \u00e9sta casa! \u00a1Me tienes harta!<\/p>\n<p style=\"text-align: justify;\">-Cari\u00f1o, fui a recopilar informaci\u00f3n sobre el tr\u00e1fico de buques holandeses en el puerto de Rotterdam en el siglo XIV, no me guardes rencor, es para la novelita, ya la acabo y nos vamos de viaje a d\u00f3nde t\u00fa quieras.<\/p>\n<p style=\"text-align: justify;\"><strong>El mal de Saturno.<\/strong><\/p>\n<p style=\"text-align: justify;\">Para el dr. Fritz, experto ajedrecista y una mente obtusa cuando no habla de su tema favorito, el mal de Saturno es un una met\u00e1fora, transmutada en enfermedad, de los famosos cuernos. El escritor\/a siente que su pareja act\u00faa de forma extra\u00f1a. No le importa que pase 12 o 16 horas diarias con la novelita; incluso, le anima a estar m\u00e1s horas. Le deja todo preparado para que contin\u00fae su tit\u00e1nica labor; paga el alquiler, la hipoteca, el coche, la gasolina, confiado\/a en un futuro \u00e9xito y el talento de su amorcito. Pero entonces, el escritor\/a, de madrugada, va a la nevera. Tropieza con la puerta. \u00bfNo quepo?, se pregunta. Se mesa el cabello y percibe, golpeando como una s\u00e1bana al viento, una especie de aro m\u00e1gico, invisible al ojo, sobre ella. \u00a1Soy un\/a santo\/a!, se imagina. A las pocas semanas, otro anillo, de mayor tama\u00f1o, visible solo para el escritor\/a, aparece sobre el anterior. No hay duda, lamenta: me los est\u00e1 poniendo. El dr. Fritz aconseja no leer a Bradbury, Asimov y Arthur C. Clark durante una temporada.<\/p>\n<p style=\"text-align: justify;\"><strong>El mal de Mercurio.<\/strong><\/p>\n<p style=\"text-align: justify;\">El mal de Mercurio es tan raudo y chispeante como el dios Mercurio, del que toma su nombre. No se ha podido especificar en qu\u00e9 consiste, porque los expertos aseguran que no permanece el tiempo suficiente como para detectarlo. Viene y va; es una marea vertiginosa. Durante un tiempo observaron a un escritor, del que se guarda el anonimato, al que algunas fuentes identifican, en secreto, con Camilo Jos\u00e9 Cela, que lanzaba exabruptos, palabrotas, frases sin sentido, para luego volver a un mutismo receloso. El dr. Fritz estuvo presente en esas observaciones y solo pudieron percatarse de que el sujeto pod\u00eda ingerir un litro de agua via rectal, sin respirar.<\/p>\n<p style=\"text-align: justify;\"><strong>El mal de Bradamonte.<\/strong><\/p>\n<p style=\"text-align: justify;\">El mal de Bradamonte se manifiesta en playas y acantilados rocosos. Los m\u00e1s recientes especialistas -norteamericanos- lo han querido rebautizar con el nombre de Bradabeach, pero la comunidad cient\u00edfica europea, fiel a su esp\u00edritu conservador, aguardar\u00e1 un tiempo prudencial a que todo su consejo de administraci\u00f3n, presidente, secretario, subsecretarios, bur\u00f3cratas, bedeles y plantas paleol\u00edticas mueran de una maldita vez para cambiar la postura. En esta espera, los cient\u00edficos siguen investigando para mejorar la esperanza de vida, mientras se rien una y otra vez de los j\u00f3venes aprendices, que ven como ellos envejecen y los viejos enviejan. Un caos de mundo, asegura el dr. Fritz, moviendo Cf4.<\/p>\n<p style=\"text-align: justify;\"><!--adsense--><\/p>\n<p style=\"text-align: center;\">\n[email_link]\n","protected":false},"excerpt":{"rendered":"<p>El mal de la Luna. El escritor despistado, m\u00e1s pendiente de su texto que de cualquier otro suceso que ocurra en el universo, puede llegar a extremos enfermizos si padece el mal de la luna. No es recomendable para escritores\/as que no hayan suscrito una p\u00f3liza de seguros -y que paguen los plazos-. El mal se reconoce porque un extra\u00f1o[&#8230;]<\/p>\n","protected":false},"author":1,"featured_media":0,"comment_status":"open","ping_status":"open","sticky":false,"template":"","format":"standard","meta":{"footnotes":""},"categories":[3608],"tags":[1183],"class_list":["post-1061","post","type-post","status-publish","format-standard","hentry","category-literatura","tag-escritura-creativa"],"_links":{"self":[{"href":"https:\/\/escribocreativo.com\/blog\/wp-json\/wp\/v2\/posts\/1061","targetHints":{"allow":["GET"]}}],"collection":[{"href":"https:\/\/escribocreativo.com\/blog\/wp-json\/wp\/v2\/posts"}],"about":[{"href":"https:\/\/escribocreativo.com\/blog\/wp-json\/wp\/v2\/types\/post"}],"author":[{"embeddable":true,"href":"https:\/\/escribocreativo.com\/blog\/wp-json\/wp\/v2\/users\/1"}],"replies":[{"embeddable":true,"href":"https:\/\/escribocreativo.com\/blog\/wp-json\/wp\/v2\/comments?post=1061"}],"version-history":[{"count":0,"href":"https:\/\/escribocreativo.com\/blog\/wp-json\/wp\/v2\/posts\/1061\/revisions"}],"wp:attachment":[{"href":"https:\/\/escribocreativo.com\/blog\/wp-json\/wp\/v2\/media?parent=1061"}],"wp:term":[{"taxonomy":"category","embeddable":true,"href":"https:\/\/escribocreativo.com\/blog\/wp-json\/wp\/v2\/categories?post=1061"},{"taxonomy":"post_tag","embeddable":true,"href":"https:\/\/escribocreativo.com\/blog\/wp-json\/wp\/v2\/tags?post=1061"}],"curies":[{"name":"wp","href":"https:\/\/api.w.org\/{rel}","templated":true}]}}