{"id":10936,"date":"2012-04-06T20:38:42","date_gmt":"2012-04-06T19:38:42","guid":{"rendered":"http:\/\/poesiamas.net\/blog\/?p=10936"},"modified":"2012-04-06T20:38:42","modified_gmt":"2012-04-06T19:38:42","slug":"facebook-pierde-popularidad","status":"publish","type":"post","link":"https:\/\/escribocreativo.com\/blog\/2012\/04\/06\/facebook-pierde-popularidad\/","title":{"rendered":"\u00bfFacebook pierde popularidad?"},"content":{"rendered":"<p style=\"text-align: justify;\"><a href=\"https:\/\/escribocreativo.com\/blog\/wp-content\/uploads\/2012\/04\/antisocialmedia.png\"><img loading=\"lazy\" decoding=\"async\" class=\"aligncenter size-medium wp-image-10938\" title=\"antisocialmedia\" src=\"https:\/\/escribocreativo.com\/blog\/wp-content\/uploads\/2012\/04\/antisocialmedia-255x300.png\" alt=\"\" width=\"255\" height=\"300\" \/><\/a><\/p>\n<p style=\"text-align: justify;\">La noticia de que Facebook est\u00e9 perdiendo popularidad no es nueva; ya el a\u00f1o pasado, y este mismo a\u00f1o, pod\u00edamos leer <a href=\"http:\/\/technewsgator.com\/2012\/02\/21\/facebook-losing-popularity-on-australia-webpronews\/\" target=\"_blank\">varios art\u00edculos<\/a><sup>(1)\u00a0<\/sup>se\u00f1alando <a href=\"http:\/\/webupon.com\/social-networks\/facebook-losing-popularity\/\" target=\"_blank\">esta circunstanci<sup>a<\/sup><\/a>(2). Y no voy tanto a que haya descendido el n\u00famero de registros, sino al menor uso -no es tanto el n\u00famero de usuarios, sino la actividad de estos en la red- y la baja de usuarios.<\/p>\n<p style=\"text-align: justify;\">Hay otros matices que me van dando pistas sobre la popularidad de Facebook. Aquellos que comenzaron muy pronto en la red azul, cada vez pasan menos tiempo compartiendo noticias, fotos, su estado, etc., porque les aburre. En el \u00e1mbito de las profesiones relacionadas con Internet, cada vez encuentro m\u00e1s dise\u00f1adores y desarrolladores que no tienen perfil en Facebook, mientras que s\u00ed lo hacen en redes como <a href=\"http:\/\/twitter.com\" target=\"_blank\">Twitter<\/a>, <a href=\"http:\/\/flickr.com\" target=\"_blank\">Flickr<\/a> o <a href=\"http:\/\/vimeo.com\" target=\"_blank\">Vimeo<\/a>. Es como si se fuera filtrando la idea de que Facebook no es un lugar de prestigio para una identidad profesional o una marca, aunque es cierto que hay muchas -pero no todas- que s\u00ed tienen su p\u00e1gina. En general, usan Twitter, si lo usan. \u00bfPor qu\u00e9? Tal vez porque Facebook representa, por m\u00e1s que intenten camuflarlo, la idea de algo chabacano y hortera.<\/p>\n<blockquote>\n<p style=\"text-align: justify;\">Facebook es m\u00e1s hortera que un bocadillo de Nocilla a las finas hierbas.<\/p>\n<\/blockquote>\n<p style=\"text-align: justify;\"><!--more--><\/p>\n<p style=\"text-align: justify;\">Adem\u00e1s, Facebook transmite la idea de que se ha convertido en una red con signos de gigantismo, con los matices negativos adheridos al tipo de redes que son Hi5 o Badoo: un sitio web para ligar o, como mucho, para fisgonear en la vida ajena. Si estamos un poco atentos a los amigos y seguidores de Facebook, nos daremos cuenta de que muchos profesionales solo est\u00e1n en Facebook como un lugar para interactuar con seguidores o amigos promocionando su trabajo o contenidos. Pero, como ya vimos, cada vez menos; no s\u00e9 si como una postura rebelde o por los motivos que expuse anteriormente.<\/p>\n<p style=\"text-align: justify;\">En esta bit\u00e1cora he eliminado el famoso widget de Facebook de <em>Hazte fan en Facebook<\/em>\u00a0desde que inaugur\u00e9 el nuevo dise\u00f1o, y tan solo por esa sensaci\u00f3n de &#8220;cautividad&#8221; que transmite la red social, al tener muchos seguidores del blog que dicen leerme a trav\u00e9s de ella, es por lo que mantengo mi cuenta abierta. Yo uso Facebook como un lugar de promoci\u00f3n de mis contenidos. Twitter, por otro lado, es mi red favorita: me encanta el doble uso de promoci\u00f3n de contenidos y de chat: puedes compartir contenidos propios o de otros (cualquier noticia o informaci\u00f3n es susceptible de ser compartida) y, al mismo tiempo, puedes tener una charla en tiempo real. Puedes realmente conocer gente y llegar a entablar relaciones de forma m\u00e1s cercana. Y luego te olvidas: no tienes que preocuparte por pol\u00edticas de privacidad, rellenar los formularios para contarle tu vida a Zuckerberg ni alimentarla continuamente -\u00a1qu\u00e9 agobio!-. Facebook, por tanto, e<span style=\"font-size: 14px;\">s el paradigma de la esclavitud de las masas: est\u00e1s all\u00ed por los beneficios de su gigantismo.<\/span><\/p>\n<p style=\"text-align: justify;\">Para mi gusto, Facebook, por su prop\u00f3sito, su arquitectura y la masificaci\u00f3n anormal que ha ido adquiriendo, me pone de los nervios.\u00a0\u00bfY t\u00fa, tambi\u00e9n aprecias ese matiz chabacano u hortera de Facebook?<\/p>\n<p style=\"text-align: justify;\"><span style=\"font-size: x-small;\"><strong>Imagen:\u00a0<a href=\"http:\/\/theantisocialmedia.com\/facebook-politics-and-advertising\/\" target=\"_blank\">http:\/\/theantisocialmedia.com\/facebook-politics-and-advertising\/<\/a>.<\/strong><\/span><\/p>\n<p style=\"text-align: center;\"><span style=\"text-align: center;\">[email_link]<\/span><\/p>\n","protected":false},"excerpt":{"rendered":"<p>La noticia de que Facebook est\u00e9 perdiendo popularidad no es nueva; ya el a\u00f1o pasado, y este mismo a\u00f1o, pod\u00edamos leer varios art\u00edculos(1)\u00a0se\u00f1alando esta circunstancia(2). Y no voy tanto a que haya descendido el n\u00famero de registros, sino al menor uso -no es tanto el n\u00famero de usuarios, sino la actividad de estos en la red- y la baja de[&#8230;]<\/p>\n","protected":false},"author":1,"featured_media":0,"comment_status":"open","ping_status":"open","sticky":false,"template":"","format":"standard","meta":{"footnotes":""},"categories":[3],"tags":[1269,2591,2648,3347],"class_list":["post-10936","post","type-post","status-publish","format-standard","hentry","category-web-20","tag-facebook","tag-pierde","tag-popularidad","tag-twitter"],"_links":{"self":[{"href":"https:\/\/escribocreativo.com\/blog\/wp-json\/wp\/v2\/posts\/10936","targetHints":{"allow":["GET"]}}],"collection":[{"href":"https:\/\/escribocreativo.com\/blog\/wp-json\/wp\/v2\/posts"}],"about":[{"href":"https:\/\/escribocreativo.com\/blog\/wp-json\/wp\/v2\/types\/post"}],"author":[{"embeddable":true,"href":"https:\/\/escribocreativo.com\/blog\/wp-json\/wp\/v2\/users\/1"}],"replies":[{"embeddable":true,"href":"https:\/\/escribocreativo.com\/blog\/wp-json\/wp\/v2\/comments?post=10936"}],"version-history":[{"count":0,"href":"https:\/\/escribocreativo.com\/blog\/wp-json\/wp\/v2\/posts\/10936\/revisions"}],"wp:attachment":[{"href":"https:\/\/escribocreativo.com\/blog\/wp-json\/wp\/v2\/media?parent=10936"}],"wp:term":[{"taxonomy":"category","embeddable":true,"href":"https:\/\/escribocreativo.com\/blog\/wp-json\/wp\/v2\/categories?post=10936"},{"taxonomy":"post_tag","embeddable":true,"href":"https:\/\/escribocreativo.com\/blog\/wp-json\/wp\/v2\/tags?post=10936"}],"curies":[{"name":"wp","href":"https:\/\/api.w.org\/{rel}","templated":true}]}}