{"id":11146,"date":"2012-04-25T15:11:32","date_gmt":"2012-04-25T14:11:32","guid":{"rendered":"http:\/\/poesiamas.net\/blog\/?p=11146"},"modified":"2015-03-14T00:51:00","modified_gmt":"2015-03-14T00:51:00","slug":"encuentro-con-alicia-llarena","status":"publish","type":"post","link":"https:\/\/escribocreativo.com\/blog\/2012\/04\/25\/encuentro-con-alicia-llarena\/","title":{"rendered":"Encuentro con Alicia Llarena"},"content":{"rendered":"<p style=\"text-align: justify;\">Esta ma\u00f1ana, a\u00fan dolorido por la sesi\u00f3n de rehabilitaci\u00f3n de ayer -mi fisioterapeuta es un palpador y retorcedor profesional pero que en el fondo oculta, como dec\u00eda Parm\u00e9nides, una potencia-acto de cocinero frustrada que lo lleva a pensar en que mis m\u00fasculos son carne para hamburguesa-, tuve una cita con <a href=\"http:\/\/www.aliciallarena.com\/\" target=\"_blank\">Alicia Llarena<\/a>. Como ya les dejo el enlace con su web, no dejo sino un breve p\u00e1rrafo:<\/p>\n<blockquote>\n<p style=\"text-align: justify;\">Alicia Llanera es Catedr\u00e1tica de Literatura Hispanoamericana de la Universidad de Las Palmas de Gran Canaria y autora de un centenar de publicaciones, en las que destacan sus libros <em>Poes\u00eda cubana de los a\u00f1os 80<\/em> (Madrid, 1994), <em>Realismo M\u00e1gico y Lo Real Maravilloso: una cuesti\u00f3n de verosimilitud<\/em><strong> <\/strong>(Gaithersburgh, 1997), <em>Yo soy la novela. Vida y obra de Mercedes Pinto <\/em>(Gran Canaria, 2003), <em>Espacio, identidad y literatura en Hispanoam\u00e9rica<\/em><strong> <\/strong>(M\u00e9xico, 2007), entre otros, y numerosos art\u00edculos publicados en revistas y vol\u00famenes colectivos nacionales e internacionales. Invitada por distintas universidades de Europa, Am\u00e9rica Latina y USA, donde ha impartido conferencias, seminarios y cursos de doctorado, ha enfocado sus l\u00edneas de investigaci\u00f3n en la escritura magicorrealista, el espacio literario y la literatura femenina en Hispanoam\u00e9rica, as\u00ed como en autores de su propia tradici\u00f3n: la literatura canaria.<\/p>\n<\/blockquote>\n<p style=\"text-align: justify;\">El encuentro fue lo m\u00e1s parecido al que tiene un alumno con su mentor en la sombra -y digo en la sombra porque ella no conoc\u00eda de estas impresiones m\u00edas sobre su actividad docente y literaria, porque no fui nunca un alumno de ir a los despachos del profesorado, aunque no digo que esto necesariamente tenga nada malo y tal vez lo malo fue no acudir m\u00e1s para aprender m\u00e1s-. De entre mis profesores de universidad, mis favoritos eran, como digo, tanto por su calidad docente -cada clase era como asistir a una conferencia sobre los temas que abordaban- como por su calidad literaria, Alicia Llarena y Eugenio Padorno, que pertenecen a generaciones literarias diferentes y, en algunos aspectos, a conceptos diferentes sobre canariedad y literatura. Esta calidad docente y literaria est\u00e1 asociada, desde luego, a la humana. Aunque en el caso de Don Eugenio -me gusta el don porque representa una cultura y una educaci\u00f3n diferentes a las formas actuales- habr\u00eda que decir que, aunque es de esas personas que impone un respeto en las primeras impresiones, nada m\u00e1s lejos de la realidad cuanto el trato es m\u00e1s cercano.<\/p>\n<p style=\"text-align: justify;\"><!--more--><\/p>\n<p style=\"text-align: justify;\">El motivo no fue otro que el de mostrarle un manuscrito de relatos. Accedi\u00f3 amablemente, a pesar de estar muy ocupada en estos meses por su abundante labor docente en la ULPGC m\u00e1s las suyas propias. La sensaci\u00f3n, al llegar de nuevo a su despacho de la universidad, fue casi la misma que cuando uno llegaba nervioso a un examen -hablo de los que llegaban nerviosos porque les preocupaba suspender: de los que ni f\u00fa, ni f\u00e1, ni me preocupo-. Y como cuando estoy nervioso hablo m\u00e1s muy r\u00e1pido, y gesticulo, y ella me observaba tranquila y reposada, con esa pausa madura que da la experiencia, me fui tranquilizando. Tanto, que me hubiera gustado pasarme horas hablando de escritura, literatura canaria, formas, aspectos t\u00e9cnicos de la novela y el relato, etc.<\/p>\n<p style=\"text-align: justify;\">En fin, menuda gozada. Para m\u00ed es importante que personalidades de la cultura a las que respeto tanto me den pautas y observaciones sobre mis textos para mejorar. Tuvo tiempo, sin embargo, de darme dos o tres apuntes generales, que comparto, que pueden leerse en mis opiniones en este blog sobre literatura y creaci\u00f3n literaria, pero que tal vez necesitaban una voz que yo considerara autoridad para apuntalarlas. Y qu\u00e9 persona tan sencilla para comunicarse; esa sensaci\u00f3n que ten\u00eda en las clases volvi\u00f3 a mi como una memoria recuperada.<\/p>\n<p style=\"text-align: justify;\">Media hora con Alicia LLanera, ejerciendo casi de psic\u00f3loga-literaria, me ha ofrecido m\u00e1s que un par de libros sobre teor\u00eda del cuento -y con esto no desprestigio estos manuales, sino que los pongo en, probablemente, su justo lugar-. Ahora estar\u00e9 tranquilo hasta que me llame, sin prisas, y se me revuelva el est\u00f3mago antes de acudir de nuevo a su despacho para que me comente qu\u00e9 le han parecido -este es el miedo supremo de un escritor, el juicio ajeno, <strong>pero del que sabe y entiende<\/strong>, como bien explicaba el oso sobre el cerdo que lo vio bailar en la f\u00e1bula de Samaniego-. Y luego tomar\u00e9 nota de las indicaciones, har\u00e9 mi an\u00e1lisis, y aplicar\u00e9 aquello que me sea provechoso. Por cierto, aparte de una excelente prosista -a los ejemplos de su web me remito para quien disfrute de la prosa po\u00e9tica-, porque lo de que es una gran poeta ya era sabido, coincidimos en un aspecto sobre los autores consagrados de nuestra literatura.<\/p>\n<p style=\"text-align: justify;\"><strong>Alonso Quesada es, como m\u00ednimo, tan buen poeta como Manuel Machado<\/strong>. L\u00e1stima que la literatura canaria no haya tenido la trascendencia en los estudios hisp\u00e1nicos que se merece. Y no me detengo en Quesada, porque hay unos cuantos m\u00e1s que dejo para quien quiera descubrir nuestra poes\u00eda. Se\u00f1alo otro que me apasiona: Agust\u00edn Espinosa. Ah\u00ed les dejo el reto. \u00a1Que no todo es P\u00e9rez-Reverte y Murakami!<\/p>\n<p style=\"text-align: center;\">[email_link]\n","protected":false},"excerpt":{"rendered":"<p>Esta ma\u00f1ana, a\u00fan dolorido por la sesi\u00f3n de rehabilitaci\u00f3n de ayer -mi fisioterapeuta es un palpador y retorcedor profesional pero que en el fondo oculta, como dec\u00eda Parm\u00e9nides, una potencia-acto de cocinero frustrada que lo lleva a pensar en que mis m\u00fasculos son carne para hamburguesa-, tuve una cita con Alicia Llarena. Como ya les dejo el enlace con su[&#8230;]<\/p>\n","protected":false},"author":1,"featured_media":0,"comment_status":"open","ping_status":"open","sticky":false,"template":"","format":"standard","meta":{"footnotes":""},"categories":[3608],"tags":[97,133,142,1135,2630,3354],"class_list":["post-11146","post","type-post","status-publish","format-standard","hentry","category-literatura","tag-agustin-espinosa","tag-alicia-llanera","tag-alonso-quesada","tag-encuentro","tag-poesia-canaria","tag-ulpgc"],"_links":{"self":[{"href":"https:\/\/escribocreativo.com\/blog\/wp-json\/wp\/v2\/posts\/11146","targetHints":{"allow":["GET"]}}],"collection":[{"href":"https:\/\/escribocreativo.com\/blog\/wp-json\/wp\/v2\/posts"}],"about":[{"href":"https:\/\/escribocreativo.com\/blog\/wp-json\/wp\/v2\/types\/post"}],"author":[{"embeddable":true,"href":"https:\/\/escribocreativo.com\/blog\/wp-json\/wp\/v2\/users\/1"}],"replies":[{"embeddable":true,"href":"https:\/\/escribocreativo.com\/blog\/wp-json\/wp\/v2\/comments?post=11146"}],"version-history":[{"count":0,"href":"https:\/\/escribocreativo.com\/blog\/wp-json\/wp\/v2\/posts\/11146\/revisions"}],"wp:attachment":[{"href":"https:\/\/escribocreativo.com\/blog\/wp-json\/wp\/v2\/media?parent=11146"}],"wp:term":[{"taxonomy":"category","embeddable":true,"href":"https:\/\/escribocreativo.com\/blog\/wp-json\/wp\/v2\/categories?post=11146"},{"taxonomy":"post_tag","embeddable":true,"href":"https:\/\/escribocreativo.com\/blog\/wp-json\/wp\/v2\/tags?post=11146"}],"curies":[{"name":"wp","href":"https:\/\/api.w.org\/{rel}","templated":true}]}}