{"id":11403,"date":"2012-04-30T13:30:57","date_gmt":"2012-04-30T12:30:57","guid":{"rendered":"http:\/\/poesiamas.net\/blog\/?p=11403"},"modified":"2015-03-14T00:50:59","modified_gmt":"2015-03-14T00:50:59","slug":"eres-un-escritor-postmoderno","status":"publish","type":"post","link":"https:\/\/escribocreativo.com\/blog\/2012\/04\/30\/eres-un-escritor-postmoderno\/","title":{"rendered":"\u00bfEres un escritor postmoderno?"},"content":{"rendered":"<p style=\"text-align: justify;\"><a href=\"https:\/\/escribocreativo.com\/blog\/wp-content\/uploads\/2012\/04\/i_am.jpg\"><img loading=\"lazy\" decoding=\"async\" class=\"alignleft size-medium wp-image-11404\" title=\"i_am\" src=\"https:\/\/escribocreativo.com\/blog\/wp-content\/uploads\/2012\/04\/i_am-238x300.jpg\" alt=\"\" width=\"238\" height=\"300\" \/><\/a>Como todo artista, en alg\u00fan momento los escritores que emergen de las profundidades de su ensimismamiento creador se plantean a qu\u00e9 corriente literaria pertenecen. Si creen no pertenecer a ninguna, probablemente sean postmodernistas y todav\u00eda no se hayan dado cuenta. Y no solo es una pregunta l\u00edcita desde la curiosidad y honestidad creadora -aunque a algunos les sepa a tonter\u00eda-, sino desde la visi\u00f3n externa: es la mirada ajena la que sit\u00faa una obra, generalmente la misi\u00f3n del cr\u00edtico.<\/p>\n<p style=\"text-align: justify;\">As\u00ed que, si perteneces a una regi\u00f3n -como me sucede a m\u00ed con las Canarias- puede que asomes un d\u00eda la cabecita y te digas: \u00bfqu\u00e9 producci\u00f3n literaria se hace? \u00bfQu\u00e9 escritores de mi generaci\u00f3n publican? \u00bfQu\u00e9 tem\u00e1ticas y qu\u00e9 formas usan para crear y recrear su mundo? Estas cuestiones me recuerdan un poco a los conceptos de generaciones literarias, con los que estoy en desacuerdo por una cuesti\u00f3n: aunar una serie de autores por pertenecer a unos a\u00f1os de nacimiento cercanos, tem\u00e1ticas o la suma de estas y otras particularidades solo genera un conjunto sesgado. Porque, de alguna manera, es excluyente. Tal vez la intenci\u00f3n sea la de facilitar la acci\u00f3n investigadora, pero: \u00bfpor qu\u00e9 no est\u00e1 Josefina de la Torre como un miembro de hecho de la Generaci\u00f3n del 27 -su primera obra po\u00e9tica es precisamente de 1927-, sino m\u00e1s bien como que &#8220;pasaba por all\u00ed&#8221;? Decir que un autor como Valle-Incl\u00e1n, tan diferencial y genuinio, pertenece a la Generaci\u00f3n del 98, y mirar al resto de los que se asocian en esa generaci\u00f3n, me deja perplejo -a\u00fan coincidiendo en esos lugares comunes que son la preocupaci\u00f3n por Espa\u00f1a, etc. etc.- lo primero. Es decir: tanto por exclusi\u00f3n como por inclusi\u00f3n, vas a estar en un paradigma.<\/p>\n<p style=\"text-align: justify;\"><!--more--><\/p>\n<p style=\"text-align: justify;\">Volviendo al ombliguismo, echando un breve vistazo a la literatura que se hace en Canarias he observado que, en la narrativa, hay una predilecci\u00f3n por la novela negra y la literatura fant\u00e1stica. Hay autores, por supuesto, que se saltan estas tendencias y tienen una narrativa particular, seg\u00fan dicen las pocas rese\u00f1as cr\u00edticas que he encontrado. Pues como en todas partes, verdad: cada autor escribe de lo que quiere y le apetece y eso, qu\u00e9 quieren que les diga, es como debe ser.<\/p>\n<p style=\"text-align: justify;\">\u00bfY, en comparaci\u00f3n con esa creaci\u00f3n canaria, en qu\u00e9 lugar me encuentro? Separo la visibilidad de mi breve, a\u00fan, material literario, porque es un tema que tiene que ver con otros factores no solo relacionados con la calidad literaria sino tambi\u00e9n con m\u00e1rketing, premios, reconocimientos, etc. y lamentablemente uno no puede sino escribir lo mejor que puede, con honestidad, y no distraerse con esas tonter\u00edas reconfortantes. Sin embargo, no sabr\u00eda todav\u00eda decir si me veo en esos lugares comunes que presenta la escritura de otros narradores -sobre todo porque no conozco bien sus obras; a la gran mayor\u00eda no los he le\u00eddo, absorto en esas tantas lecturas que me faltan por releer y leer-. S\u00ed, tenemos las Canteras, el Teide, y toda una literatura universal a nuestros pies. Pero no es la misma playa ni la misma monta\u00f1a, y a algunos autores lo mismo carecen de Canteras y Teide. Esto, por s\u00ed mismo, no es ni bueno ni malo, sino una opci\u00f3n.<\/p>\n<p style=\"text-align: justify;\">Como me he criado primero con la poes\u00eda canaria -Saulo, Morales, y luego un salto a un rango anterior y posterior a la generaci\u00f3n de lo que se llam\u00f3 Poes\u00eda Canaria \u00daltima: los hermanos Padorno, Pino Ojeda, Jorge Justo Padr\u00f3n, Agust\u00edn Millares, Pedro Perdomo Acedo, Agust\u00edn Espinosa, Saulo Tor\u00f3n, Alonso Quesada, Domingo Rivero, etc. etc. (de varios de estos autores soy capaz de recitar algunos poemas de memoria; una estrofa de un poema de Saulo Tor\u00f3n aparece en el relato que gan\u00f3 el premio de relato breve de la ULPGC), pues mi narrativa se contagia de ese conocimiento de la literatura canaria a trav\u00e9s de la lectura po\u00e9tica -cosa extra\u00f1a, incluso para m\u00ed mismo, aunque una vez me coment\u00f3 Eugenio Padorno que la poes\u00eda siempre vuelve- y, sin querer, es lo que he &#8220;mamado&#8221;. Desconozco si, de alguna forma, se plasman en mis narraciones. Si me preguntaran, dir\u00eda que en absoluto y, al mismo tiempo, que por supuesto. Y me quedo tan ancho.<\/p>\n<p style=\"text-align: justify;\">Al contrario de lo que una vez escuch\u00e9 a un famoso narrador canario en una conferencia en la que daba consejos a j\u00f3venes autores -la disertaci\u00f3n giraba sobre el error may\u00fasculo que era hablar de Nueva York o M\u00fanich en vez de ce\u00f1irse al marco que dominan-, no creo que escribir sobre una pareja paseando por Londres o un asesinato en el T\u00edbet sea un error may\u00fasculo. Lo que es un error may\u00fasculo es escribir mal. Sobre qu\u00e9 y el c\u00f3mo es una cuesti\u00f3n del artista sobre la que nadie deber\u00eda establecer preceptivas -aunque sean consejos para j\u00f3venes escritores, y menos a\u00fan en esos casos, a mi juicio-: nada hay m\u00e1s aburrido que escribir sobre lo que ya conocemos porque, cuando narramos y recreamos un nuevo mundo, el que ya conocemos -salvo amputaci\u00f3n con nocturnidad y alevos\u00eda- suele asomar por alguna parte.<\/p>\n<p style=\"text-align: justify;\"><span style=\"font-size: x-small;\"><strong>Imagen: <a href=\"http:\/\/mal46.wordpress.com\/2011\/04\/01\/who-i-am\/\" target=\"_blank\">http:\/\/mal46.wordpress.com\/2011\/04\/01\/who-i-am\/<\/a>.<\/strong><\/span><\/p>\n<p style=\"text-align: center;\">[email_link]\n","protected":false},"excerpt":{"rendered":"<p>Como todo artista, en alg\u00fan momento los escritores que emergen de las profundidades de su ensimismamiento creador se plantean a qu\u00e9 corriente literaria pertenecen. Si creen no pertenecer a ninguna, probablemente sean postmodernistas y todav\u00eda no se hayan dado cuenta. Y no solo es una pregunta l\u00edcita desde la curiosidad y honestidad creadora -aunque a algunos les sepa a tonter\u00eda-,[&#8230;]<\/p>\n","protected":false},"author":1,"featured_media":0,"comment_status":"open","ping_status":"open","sticky":false,"template":"","format":"standard","meta":{"footnotes":""},"categories":[3608],"tags":[469,1989,2306],"class_list":["post-11403","post","type-post","status-publish","format-standard","hentry","category-literatura","tag-canarias","tag-la-ciudad-y-las-letras","tag-narrativa"],"_links":{"self":[{"href":"https:\/\/escribocreativo.com\/blog\/wp-json\/wp\/v2\/posts\/11403","targetHints":{"allow":["GET"]}}],"collection":[{"href":"https:\/\/escribocreativo.com\/blog\/wp-json\/wp\/v2\/posts"}],"about":[{"href":"https:\/\/escribocreativo.com\/blog\/wp-json\/wp\/v2\/types\/post"}],"author":[{"embeddable":true,"href":"https:\/\/escribocreativo.com\/blog\/wp-json\/wp\/v2\/users\/1"}],"replies":[{"embeddable":true,"href":"https:\/\/escribocreativo.com\/blog\/wp-json\/wp\/v2\/comments?post=11403"}],"version-history":[{"count":0,"href":"https:\/\/escribocreativo.com\/blog\/wp-json\/wp\/v2\/posts\/11403\/revisions"}],"wp:attachment":[{"href":"https:\/\/escribocreativo.com\/blog\/wp-json\/wp\/v2\/media?parent=11403"}],"wp:term":[{"taxonomy":"category","embeddable":true,"href":"https:\/\/escribocreativo.com\/blog\/wp-json\/wp\/v2\/categories?post=11403"},{"taxonomy":"post_tag","embeddable":true,"href":"https:\/\/escribocreativo.com\/blog\/wp-json\/wp\/v2\/tags?post=11403"}],"curies":[{"name":"wp","href":"https:\/\/api.w.org\/{rel}","templated":true}]}}