{"id":11441,"date":"2012-05-07T22:55:04","date_gmt":"2012-05-07T21:55:04","guid":{"rendered":"http:\/\/poesiamas.net\/blog\/?p=11441"},"modified":"2015-03-14T00:50:59","modified_gmt":"2015-03-14T00:50:59","slug":"para-los-que-llegan-tarde","status":"publish","type":"post","link":"https:\/\/escribocreativo.com\/blog\/2012\/05\/07\/para-los-que-llegan-tarde\/","title":{"rendered":"Para los que llegan tarde"},"content":{"rendered":"<div id=\"attachment_11442\" style=\"width: 310px\" class=\"wp-caption aligncenter\"><a href=\"https:\/\/escribocreativo.com\/blog\/wp-content\/uploads\/2012\/05\/nanduti-043.jpg\"><img loading=\"lazy\" decoding=\"async\" aria-describedby=\"caption-attachment-11442\" class=\"size-medium wp-image-11442 \" title=\"nanduti 043\" src=\"https:\/\/escribocreativo.com\/blog\/wp-content\/uploads\/2012\/05\/nanduti-043-300x295.jpg\" alt=\"\" width=\"300\" height=\"295\" \/><\/a><p id=\"caption-attachment-11442\" class=\"wp-caption-text\">El \u00f1andut\u00ed (en castellano: Tela de ara\u00f1a) es un encaje de agujas que se teje sobre bastidores en c\u00edrculos radiales, bordando motivos geom\u00e9tricos o zoomorfos, en hilo blanco o en vivos colores.<\/p><\/div>\n<p style=\"text-align: justify;\">No vamos a homenajear a los impuntuales, que ellos se homeneajean a s\u00ed m\u00edsmos cada minuto en que nos dejan a solas. Hagamos los honores a los que llegaron tarde: a reconocer las espinas caprichosas de una rosa, tarde a compartir el espacio de la otredad; tarde a convertir el mundo en amigo compa\u00f1ero y tarde en hacerse soldado en reserva de esa palabra que suena libertad; tarde, tarde, tarde, en acabar sus proyectos, tarde en oler el almendor en flor, tarde en llenar de surcos las arenas de Las Canteras, tarde en llorar al comp\u00e1s de la risa de una ni\u00f1a; tarde, tarde, tarde&#8230;<\/p>\n<p style=\"text-align: justify;\">Tarde tantos que llegaron tarde, tan tarde, acuciados por aquellos que desesperan en llegar a Ninguna Parte y que ya est\u00e1n m\u00e1s lejos de todos que de s\u00ed mismos&#8230; Tarde, tarde, tarde, aprender\u00e1s a desandar tarde, tarde ,tarde, con tus pies desnudos flotando sobre un \u00f1andut\u00ed en el Atl\u00e1ntico, cuyo ritmo cimbreante es la tarde, tarde, tarde&#8230;<\/p>\n<p style=\"text-align: justify;\"><!--more--><\/p>\n<p style=\"text-align: center;\"><strong><em>Aprender\u00e1s que hay muertos<\/em><\/strong><\/p>\n<p style=\"text-align: center;\"><em>Aprender\u00e1s que hay muertos diferentes<\/em><br \/>\n<em> Los hay inquietos como luci\u00e9rnagas ingenuas<\/em><br \/>\n<em> despertando a la noche para un juego de luces que<\/em><br \/>\n<em> <span style=\"color: #000000;\">\u2026..<\/span> solo existen en su sue\u00f1o<\/em><br \/>\n<em> y son tan inocentes que no debieran haber muerto<\/em><\/p>\n<p style=\"text-align: center;\"><em> Los hay indiferentes como cruces ca\u00eddas cara al cielo<\/em><br \/>\n<em> porque no esperan ya ni el recuerdo que se echa<\/em><br \/>\n<em> como un mendrugo al perro desahuciado<\/em><\/p>\n<p style=\"text-align: center;\"><em> Muertos un poco locos de esperanza Los muertos<\/em><br \/>\n<em> que creen en la palabra que les dieron<\/em><br \/>\n<em> y que acercan su o\u00eddo de arena a los vientos nocturnos<\/em><br \/>\n<em> esperando escuchar su nombre en boca de otros muertos<\/em><\/p>\n<p style=\"text-align: center;\"><em> Muertos de ce\u00f1o torvo Los muertos acreedores<\/em><br \/>\n<em> que no quieren saber que han muerto muerto muerto<\/em><br \/>\n<em> y pegan sus manos como estrellas de un hueco mar<\/em><br \/>\n<em> <span style=\"color: #000000;\">\u2026..<\/span> sobre el pecho del durmiente<\/em><br \/>\n<em> y desv\u00edan un poco en el reloj del coraz\u00f3n la manecilla<\/em><\/p>\n<p style=\"text-align: center;\"><em> Muertos ya todos polvo Muertos ciegos de muerte<\/em><br \/>\n<em> <span style=\"color: #000000;\">\u2026..<\/span> Muertos de s\u00ed mismos vaci\u00e1ndose<\/em><br \/>\n<em> que est\u00e1n ya m\u00e1s cerca que nadie de la vida<\/em><\/p>\n<p style=\"text-align: center;\"><strong><em>Josefina Pl\u00e1.<\/em><\/strong><\/p>\n<p style=\"text-align: left;\"><span style=\"font-size: x-small;\"><strong>Imagen: <span class=\"rg_ctlv\"><span id=\"rg_hr\"><a href=\"http:\/\/marisa-connuestrasmanos.blogspot.com\" target=\"_blank\">marisa-connuestrasmanos.blogspot.com<\/a>.<\/span><\/span><\/strong><\/span><\/p>\n<p style=\"text-align: center;\">[email_link]\n","protected":false},"excerpt":{"rendered":"<p>No vamos a homenajear a los impuntuales, que ellos se homeneajean a s\u00ed m\u00edsmos cada minuto en que nos dejan a solas. Hagamos los honores a los que llegaron tarde: a reconocer las espinas caprichosas de una rosa, tarde a compartir el espacio de la otredad; tarde a convertir el mundo en amigo compa\u00f1ero y tarde en hacerse soldado en[&#8230;]<\/p>\n","protected":false},"author":1,"featured_media":0,"comment_status":"open","ping_status":"open","sticky":false,"template":"","format":"standard","meta":{"footnotes":""},"categories":[3608],"tags":[195,1567,1632,1767,2298,3186],"class_list":["post-11441","post","type-post","status-publish","format-standard","hentry","category-literatura","tag-aprenderas-que-hay-muertos","tag-homenaje","tag-impuntuales","tag-josefina-pla","tag-nanduti","tag-tarde"],"_links":{"self":[{"href":"https:\/\/escribocreativo.com\/blog\/wp-json\/wp\/v2\/posts\/11441","targetHints":{"allow":["GET"]}}],"collection":[{"href":"https:\/\/escribocreativo.com\/blog\/wp-json\/wp\/v2\/posts"}],"about":[{"href":"https:\/\/escribocreativo.com\/blog\/wp-json\/wp\/v2\/types\/post"}],"author":[{"embeddable":true,"href":"https:\/\/escribocreativo.com\/blog\/wp-json\/wp\/v2\/users\/1"}],"replies":[{"embeddable":true,"href":"https:\/\/escribocreativo.com\/blog\/wp-json\/wp\/v2\/comments?post=11441"}],"version-history":[{"count":0,"href":"https:\/\/escribocreativo.com\/blog\/wp-json\/wp\/v2\/posts\/11441\/revisions"}],"wp:attachment":[{"href":"https:\/\/escribocreativo.com\/blog\/wp-json\/wp\/v2\/media?parent=11441"}],"wp:term":[{"taxonomy":"category","embeddable":true,"href":"https:\/\/escribocreativo.com\/blog\/wp-json\/wp\/v2\/categories?post=11441"},{"taxonomy":"post_tag","embeddable":true,"href":"https:\/\/escribocreativo.com\/blog\/wp-json\/wp\/v2\/tags?post=11441"}],"curies":[{"name":"wp","href":"https:\/\/api.w.org\/{rel}","templated":true}]}}