{"id":11482,"date":"2012-05-12T15:45:18","date_gmt":"2012-05-12T14:45:18","guid":{"rendered":"http:\/\/poesiamas.net\/blog\/?p=11482"},"modified":"2015-03-14T00:50:59","modified_gmt":"2015-03-14T00:50:59","slug":"el-escritor-y-el-miedo-a-la-critica-literaria","status":"publish","type":"post","link":"https:\/\/escribocreativo.com\/blog\/2012\/05\/12\/el-escritor-y-el-miedo-a-la-critica-literaria\/","title":{"rendered":"El escritor y el miedo a la cr\u00edtica literaria"},"content":{"rendered":"<p style=\"text-align: justify;\"><a href=\"https:\/\/escribocreativo.com\/blog\/wp-content\/uploads\/2012\/05\/m\u00e1quina-de-escribir-y-trigo.jpg\"><img loading=\"lazy\" decoding=\"async\" class=\"alignleft size-medium wp-image-11483\" title=\"m\u00e1quina de escribir y trigo\" src=\"https:\/\/escribocreativo.com\/blog\/wp-content\/uploads\/2012\/05\/m\u00e1quina-de-escribir-y-trigo-300x199.jpg\" alt=\"\" width=\"300\" height=\"199\" \/><\/a>El escritor comprometido conoce esta sensaci\u00f3n: el miedo a la cr\u00edtica de la producci\u00f3n propia. No tanto a la cr\u00edtica por s\u00ed misma, sino a que esa cr\u00edtica descubra aspectos del texto que \u00e9l mismo no hab\u00eda visto. \u00bfC\u00f3mo es posible, se dir\u00e1 entonces, que no me diera cuenta de estos defectos -ya sean formales o de contenido-?<\/p>\n<p style=\"text-align: justify;\">Con la pr\u00f3xima aparici\u00f3n de mi libro de relatos <em>A trav\u00e9s del espejo<\/em> es evidente que me han venido estas ideas catastrofistas a la cabeza. El juicio ajeno que divido entre: el de los cr\u00edticos y el de los lectores. Si dijera que solo me preocupa el de los lectores mentir\u00eda, pero en porcentaje los situar\u00eda muy por encima: ochenta por ciento para los lectores, veinte por ciento para los cr\u00edticos. Sobre todo, porque las rese\u00f1as cr\u00edticas, favorables o contrarias, hay que tomarlas como lo que son: un breve an\u00e1lisis desde el gusto, la pasi\u00f3n por la labor cr\u00edtica y el conocimiento del cr\u00edtico. Y uno no puede estar compartiendo la mesa del cr\u00edtico mientras la escribe para saber qu\u00e9 lee, qu\u00e9 formaci\u00f3n tiene y sus gustos.<\/p>\n<p style=\"text-align: justify;\">Yo mismo tengo esa dualidad: por un lado, mi producci\u00f3n creativa; por otro, mi an\u00e1lisis cr\u00edtico, que uso en mi obra pero de una manera diferente a la que le puedo aplicar a mis lecturas. No es lo mismo revisar un relato que dar mi juicio sobre <em>El para\u00edso perdido<\/em> de Milton (del que adoro su visi\u00f3n del diablo, maravillosa, de tal forma que se apodera de la obra por encima del resto&#8230; una composici\u00f3n dura de leer, por otra parte, porque vivimos en una \u00e9poca donde se consume, sobre todo, novela de f\u00e1cil digesti\u00f3n). Me gusta mucho, sobre este asunto de la cr\u00edtica, la postura de Vizinczey, que tengo por un ensayista l\u00facido, cuando dice, en\u00a0<em><a href=\"https:\/\/escribocreativo.com\/blog\/2009\/06\/19\/stephen-vizinczey-10-consejos-realistas-para-escritores\/\" target=\"_blank\">Diez consejos para escritores<\/a> y en <a href=\"http:\/\/escribocreativo.com\/index.php?option=com_content&amp;view=article&amp;id=115:el-poder-de-la-critica-literaria-ii-fragmento&amp;catid=9:ensayo-contemporaneo&amp;Itemid=197\" target=\"_blank\">El poder de la cr\u00edtica<\/a> (este \u00faltimo merece ser le\u00eddo con atenci\u00f3n, si eres un escritor que, como yo, comienza a publicar)<\/em>:<\/p>\n<blockquote>\n<p style=\"text-align: justify;\">Si posees una buena colecci\u00f3n de obras de grandes escritores y no dejas de releerlos, tienes acceso a m\u00e1s secretos de la literatura que todos los farsantes de la cultura que marcan el tono en las grandes ciudades. No hay que perder el tiempo preocup\u00e1ndose por lo que est\u00e1 de moda, el tema id\u00f3neo, el estilo id\u00f3neo o qu\u00e9 clase de cosas ganan los premios. Cualquier persona que ha tenido \u00e9xito en la literatura lo ha conseguido en sus propios t\u00e9rminos.<\/p>\n<p>Diez consejos para escritores.<\/p><\/blockquote>\n<blockquote>\n<p style=\"text-align: justify;\">Heinrich von Kleist, uno de los mejores escritores que jam\u00e1s hayan existido, se suicid\u00f3 en 1881 porque no pod\u00eda ganarse la vida con sus obras maestras. Siempre envi\u00f3 sus libros a Goethe, a quien se consideraba no s\u00f3lo un gran poeta, sino un genio universal, el m\u00e1s profundo de los jueces de arte y literatura. Un s\u00f3lo p\u00e1rrafo aprobatorio firmado por Goethe le habr\u00eda ganado a Kleist la atenci\u00f3n de lectores cultos en toda Europa y hubiera podido continuar escribiendo hasta una floreciente ancianidad. Desgraciadamente, Goethe aborrec\u00eda el genio de Kleist, m\u00e1s osado que el suyo, y acerca de \u00e9l s\u00f3lo hizo malignos comentarios, de forma que los alemanes cultos pensaban que no se perd\u00edan nada leyendo a Kleist. A la edad de treinta y cuatro a\u00f1os, gozando de perfecta salud y en la cumbre de su poder creador, pero empobrecido, desconocido y humillado, quem\u00f3 la \u00fanica copia de su \u00fanica novela y se dispar\u00f3 un tiro. Cuando surge el tema de la cr\u00edtica literaria siempre pienso en el cad\u00e1ver del joven Kleist.<\/p>\n<p style=\"text-align: justify;\">El poder de la cr\u00edtica.<\/p>\n<\/blockquote>\n<p><!--more--><\/p>\n<p style=\"text-align: justify;\">Por ejemplo, no es inhabitual que en los libros sobre &#8220;aprenda a escribir una novela&#8221; encontremos notas acerca de lo err\u00f3neo de introducir p\u00e1rrafos de inicio hablando del tiempo y el paisaje. Para no verse cogido, los autores de estos libros no se olvidan de apuntar que, por supuesto, solo un genio de la literatura puede hacerlo y que resulte efectivo -cosa que t\u00fa no eres, puesto que por eso mismo me compras el libro, parecen decirte-. Obviando esta pat\u00e9tica justificaci\u00f3n, que me recuerda a las novelas de los cl\u00e1sicos en las que introduc\u00edan una p\u00e1gina de disculpa por si la obra no era del gusto del lector -como hace <em>El Quijote<\/em>, si no me falla la memoria-, acudo a mi librer\u00eda.<\/p>\n<p style=\"text-align: justify;\">En <em>El mar, el mar<\/em>, Iris Murdoch inicia con este p\u00e1rrafo la novela: &#8220;El mar, que se extiende ante m\u00ed mientras escribo, m\u00e1s que destellar, resplandece bajo el suave sol de mayo. Con el cambio de marea, se recuesta calladamente&#8230;&#8221; Cojo otro libro, <em>El rumor del oleaje<\/em>, de Mishima; al inicio del Cap\u00edtulo 3, aunque en casi todos aparecen descripciones sobre el tiempo: &#8220;Hab\u00edan transcurrido cuatro o cinco d\u00edas, y el viento soplaba con fuerza. Las olas altas romp\u00edan contra el malec\u00f3n del puerto de Utajima y lo cubr\u00edan. El mar se mostraba agitado&#8230;&#8221;. Me levanto y cojo otro libro; Boris Vian, en el relato <em>El amor es ciego<\/em>: &#8220;El cinco de agosto, a las ocho, la calina cubr\u00eda la ciudad. Liviana, en absoluto estorbaba la respiraci\u00f3n y se presentaba bajo apariencia singularmente opaca. Parec\u00eda, por otra parte, te\u00f1ida de azul&#8230;&#8221;. A ver este&#8230; <em>Manhattan Transfer<\/em> de Dos Passos: &#8220;Las olas verdes espumajean bajo la redonda proa del ferry que, arrastrado por la marea, hiende el agua&#8230;&#8221;. Breve, pero ah\u00ed est\u00e1. A ver, cojo otro libro, <em>La muerte en Venecia<\/em>, de Thomas Mann&#8230; Hala, segundo p\u00e1rrafo de la primera p\u00e1gina de la novela: &#8220;Principiaba el mes de mayo, y, tras varias semanas h\u00famedas y fr\u00edas, hab\u00eda llegado un tiempo falsamente estival. Aunque vestido s\u00f3lo de hojas tiernas, el Jard\u00edn Ingl\u00e9s ol\u00eda a moho como en agosto y se hallaba&#8230;&#8221;. Podr\u00eda seguir con unos cuantos m\u00e1s.<\/p>\n<p style=\"text-align: justify;\">Irremediablemente, toda obra queda expuesta y forma parte de la maquinaria de la publicaci\u00f3n. Pensando en esta colecci\u00f3n de relatos, me he planteado eliminar los relatos que tengo publicados en el blog, que suelen ser motivados por el simple hecho de querer alimentar el blog con alguna idea que me ronda en ese preciso instante. Hay alguno que otro que me podr\u00eda sacar del blog para, aplic\u00e1ndole una correcci\u00f3n como Dios manda, unir a otra colecci\u00f3n futura. As\u00ed que los dejo: algo queda como muestra representativa de mi estilo y tal vez de mis tem\u00e1ticas: el estilo est\u00e1 en el hombre antes que el hombre en el estilo, dec\u00eda Unamuno.<\/p>\n<p style=\"text-align: justify;\">Volviendo al miedo del escritor sobre las cr\u00edticas a su obra -habr\u00e1 quien no le preocupe en absoluto; habr\u00eda que preguntarse si es por ego o por un estado zen natural a su personalidad o de preocuparse por lo que realmente tiene importancia, que es escribir-, est\u00e1 bien que hayan cr\u00edticos de literatura, y de arte en general. Pero estar\u00eda a\u00fan mejor que, en Canarias, hubiera una revista con periodicidad al menos bimensual donde se abordaran cr\u00edticas constructivas y libres sobre nuestra producci\u00f3n literaria y, por qu\u00e9 no, la universal, de libre distribuci\u00f3n en librer\u00edas de Canarias -\u00bfexiste?-. Ser\u00eda de gran ayuda para el p\u00fablico insular, tanto a nivel pedag\u00f3gico -que para m\u00ed es una de las funciones del cr\u00edtico- como para que tengan una visi\u00f3n complementaria -y no de autoridad- de lo que pueden leer o acaban de leer.<\/p>\n<p style=\"text-align: justify;\">Mientras llega esa revista, en la que me encantar\u00eda participar, me mantengo en la idea de que toda primera obra publicada es un proyecto que avanza hacia otro estadio. Eso deseo con mi narrativa. Avanzar. Leyendo a los mejores.<\/p>\n<p style=\"text-align: center;\">[email_link]\n","protected":false},"excerpt":{"rendered":"<p>El escritor comprometido conoce esta sensaci\u00f3n: el miedo a la cr\u00edtica de la producci\u00f3n propia. No tanto a la cr\u00edtica por s\u00ed misma, sino a que esa cr\u00edtica descubra aspectos del texto que \u00e9l mismo no hab\u00eda visto. \u00bfC\u00f3mo es posible, se dir\u00e1 entonces, que no me diera cuenta de estos defectos -ya sean formales o de contenido-? Con la[&#8230;]<\/p>\n","protected":false},"author":1,"featured_media":0,"comment_status":"open","ping_status":"open","sticky":false,"template":"","format":"standard","meta":{"footnotes":""},"categories":[3608],"tags":[781,1180,2208],"class_list":["post-11482","post","type-post","status-publish","format-standard","hentry","category-literatura","tag-critica","tag-escritor","tag-miedo"],"_links":{"self":[{"href":"https:\/\/escribocreativo.com\/blog\/wp-json\/wp\/v2\/posts\/11482","targetHints":{"allow":["GET"]}}],"collection":[{"href":"https:\/\/escribocreativo.com\/blog\/wp-json\/wp\/v2\/posts"}],"about":[{"href":"https:\/\/escribocreativo.com\/blog\/wp-json\/wp\/v2\/types\/post"}],"author":[{"embeddable":true,"href":"https:\/\/escribocreativo.com\/blog\/wp-json\/wp\/v2\/users\/1"}],"replies":[{"embeddable":true,"href":"https:\/\/escribocreativo.com\/blog\/wp-json\/wp\/v2\/comments?post=11482"}],"version-history":[{"count":0,"href":"https:\/\/escribocreativo.com\/blog\/wp-json\/wp\/v2\/posts\/11482\/revisions"}],"wp:attachment":[{"href":"https:\/\/escribocreativo.com\/blog\/wp-json\/wp\/v2\/media?parent=11482"}],"wp:term":[{"taxonomy":"category","embeddable":true,"href":"https:\/\/escribocreativo.com\/blog\/wp-json\/wp\/v2\/categories?post=11482"},{"taxonomy":"post_tag","embeddable":true,"href":"https:\/\/escribocreativo.com\/blog\/wp-json\/wp\/v2\/tags?post=11482"}],"curies":[{"name":"wp","href":"https:\/\/api.w.org\/{rel}","templated":true}]}}