{"id":11493,"date":"2012-05-14T00:00:50","date_gmt":"2012-05-13T23:00:50","guid":{"rendered":"http:\/\/poesiamas.net\/blog\/?p=11493"},"modified":"2015-03-14T00:50:59","modified_gmt":"2015-03-14T00:50:59","slug":"el-perfil-publico","status":"publish","type":"post","link":"https:\/\/escribocreativo.com\/blog\/2012\/05\/14\/el-perfil-publico\/","title":{"rendered":"El perfil p\u00fablico"},"content":{"rendered":"<p style=\"text-align: justify;\"><a href=\"https:\/\/escribocreativo.com\/blog\/wp-content\/uploads\/2012\/05\/pynchon.jpg\"><img loading=\"lazy\" decoding=\"async\" class=\"alignleft size-full wp-image-11494\" title=\"pynchon\" src=\"https:\/\/escribocreativo.com\/blog\/wp-content\/uploads\/2012\/05\/pynchon.jpg\" alt=\"\" width=\"181\" height=\"181\" \/><\/a>Una de las consecuencias de <a title=\"Publico mi primer libro de relatos\" href=\"https:\/\/escribocreativo.com\/blog\/2012\/05\/10\/publico-mi-primer-libro-de-relatos\/\">este asunto de la publicaci\u00f3n<\/a> es que afecta a la privacidad. No deber\u00eda sorprenderme tanto. Cuando visito el <a href=\"http:\/\/www.caam.net\/\" target=\"_blank\">CAAM<\/a>, o asisto a una actividad cultural, siento curiosidad por saber qui\u00e9n y c\u00f3mo es al autor. Al menos, echar un vistazo a una foto reciente, como si su rostro o la ropa que llevara fueraN a explicarme las intuiciones de su obra y al verla dijera: &#8220;\u00a1Ah, claro, ahora entiendo el <em>collage <\/em>y el azul degradado!&#8221;. Este inter\u00e9s por conocer a &#8220;qui\u00e9n es el que hizo algo&#8221; me temo que es consustancial a nuestra esencia y a nuestra \u00e9poca, que a veces parece que es lo mismo, pero no.<\/p>\n<p style=\"text-align: justify;\">Uno de mis autores favoritos, Thomas Pynchon (1937) &#8211;<em>El arco iris de gravedad <\/em>es una genialidad-, mantiene un absoluto secreto sobre su identidad. No hay im\u00e1genes suyas, al menos desde las \u00faltimas d\u00e9cadas; no asiste a actos p\u00fablicos, ni tan siquiera a los que ha sido premiado, y todo lo que se ha conseguido de \u00e9l -hasta donde he podido averiguar- son im\u00e1genes de joven, como la de su anuario o vestido con el traje de la marina de los EE.UU. Esta ausencia voluntaria del foco p\u00fablico suele despertar m\u00e1s inter\u00e9s y ha dado pie a todo tipo de teor\u00edas, no s\u00f3lo sobre su imagen actual sino, como sucede con Shakespeare, \u00a1sobre qui\u00e9n puede ser! Esta leg\u00edtima postura la comparte Pynchon, en gran medida, con otro autor tambi\u00e9n celoso de su intimidad, aunque no hasta esos extremos: J.D. Salinger &#8211;<em>El guardi\u00e1n entre el centeno<\/em>-, con el que mantuvo correspondencia. Como imaginan, no pocos han querido ver a Pynchon como un \u00e1lter ego de Salinger.<\/p>\n<p style=\"text-align: justify;\"><!--more--><\/p>\n<p style=\"text-align: justify;\">\u00bfPuede un autor, en este mundo de sobreinformaci\u00f3n, hacerse a un lado y seguir publicando? Desde luego, desoyendo a todos los especialistas de m\u00e1rketing, que le recomendar\u00edan cuidar su imagen p\u00fablica. No le hace falta; es un genio de la literatura y su legi\u00f3n de fans -es lo que suele llamarse un escritor de culto, aunque no s\u00e9 si su fama, a estas alturas, lo sit\u00faa en un rango tan amplio como el de cualquier autor de <em>best-sellers<\/em>&#8211; adora esta fe inquebrantable en no ceder un \u00e1pice de su privacidad.<\/p>\n<p style=\"text-align: justify;\">Cuando me enter\u00e9 de esta circunstancia ya me hab\u00eda interesado por su obra &#8211;<em>La subasta del lote 49<\/em>&#8211; y me parece un factor anecd\u00f3tico. Su narrativa es compleja y no tiene nada que ver con la de otros genios como Cormac McCarthy, Paul Auster o Philip Roth. Para empezar, sus historias no son lineales -el cl\u00e1sico de desarrollo, nudo y desenlace-, y de ah\u00ed que me parezca, al acabar sus obras &#8211;<em>El arco iris de gravedad<\/em> es enorme, al menos mil p\u00e1ginas y no se crean que en letra grande-, que hay que ser muy bueno para darle sentido a todo eso, presentar una novela s\u00f3lida, y esto sin contar la calidad de muchos de sus pasajes -tiene una capacidad asombrosa para crear im\u00e1genes que se te quedan grabadas en la memoria-. Y es que esta es la cuesti\u00f3n: que escribe como los \u00e1ngeles. La verdad es que es un autor estupendo, dif\u00edcil -se necesita mucha concentraci\u00f3n pero, una vez\u00a0 te acostumbras a su mezcla de im\u00e1genes, puntos de vista, saltos en el tiempo, mezcla de historias, personajes, etc. va todo sobre ruedas&#8230; hasta que te enreda de nuevo-, pero que te da la certeza de haber le\u00eddo a un grand\u00edsimo narrador con un estilo muy personal.<\/p>\n<p style=\"text-align: justify;\">Volviendo a un servidor de ustedes, \u00bfse puede seguir manteniendo un blog y publicar un libro sin imagen p\u00fablica? Hasta ahora he optado, para buscar una mayor libertad en mis opiniones y mis desvar\u00edos, mantener mi imagen fuera de las redes sociales. Porque, \u00bfen qu\u00e9 otro sitio iba a mostrar una foto: en el diario de la regi\u00f3n? En fin: que acabo de darme cuenta de que, una vez que salga una foto m\u00eda en la solapa de un libro, no tiene ning\u00fan sentido no mostrarla en el blog. Sobre todo, por eso de que verifiquen: &#8220;ah, mira, s\u00ed, es este t\u00edo, pero con barba de cinco d\u00edas&#8221;.<\/p>\n<p style=\"text-align: justify;\">Me pregunto si a los escritores, y a los artistas en general, les gusta ver sus fotos en la prensa, si recortan los art\u00edculos y los guardan en un \u00e1lbum a prueba de \u00e1caros y moho, si graban sus apariciones en radio y televisi\u00f3n y las ordenan cronol\u00f3gicamente, y si todo este mundo que rodea a esa palabra tan de nuestro tiempo que se pronuncia <em>fama<\/em> es posible apartarlo de un guantazo o hay que convivir con \u00e9l. Porque la fama por s\u00ed misma no es mala, ya que eso solo significa que te conocen y conocen lo que escribes: es lo que trae en la alforja.<\/p>\n<p style=\"text-align: justify;\">De momento no me inquieta porque:<\/p>\n<p style=\"text-align: justify;\">a) Yo no voy a ser famoso porque no voy a escribir ninguna novela fant\u00e1stica de dragones ni ni\u00f1os con varitas m\u00e1gicas<\/p>\n<p style=\"text-align: justify;\">b) Una gitana me dijo que me har\u00eda famoso con mi cuarto libro y me he prometido no pasar jam\u00e1s del tercero. \ud83d\ude00<\/p>\n<p style=\"text-align: justify;\"><span style=\"font-size: x-small;\"><strong>Imagen: <a href=\"http:\/\/librarything.com\" target=\"_blank\">librarything.com<\/a>.<\/strong><\/span><\/p>\n<p style=\"text-align: center;\">[email_link]\n","protected":false},"excerpt":{"rendered":"<p>Una de las consecuencias de este asunto de la publicaci\u00f3n es que afecta a la privacidad. No deber\u00eda sorprenderme tanto. Cuando visito el CAAM, o asisto a una actividad cultural, siento curiosidad por saber qui\u00e9n y c\u00f3mo es al autor. Al menos, echar un vistazo a una foto reciente, como si su rostro o la ropa que llevara fueraN a[&#8230;]<\/p>\n","protected":false},"author":1,"featured_media":0,"comment_status":"open","ping_status":"open","sticky":false,"template":"","format":"standard","meta":{"footnotes":""},"categories":[3608],"tags":[1180,1269,1273,2557,2710,2809,3347],"class_list":["post-11493","post","type-post","status-publish","format-standard","hentry","category-literatura","tag-escritor","tag-facebook","tag-fama","tag-perfil","tag-privacidad","tag-redes-sociales","tag-twitter"],"_links":{"self":[{"href":"https:\/\/escribocreativo.com\/blog\/wp-json\/wp\/v2\/posts\/11493","targetHints":{"allow":["GET"]}}],"collection":[{"href":"https:\/\/escribocreativo.com\/blog\/wp-json\/wp\/v2\/posts"}],"about":[{"href":"https:\/\/escribocreativo.com\/blog\/wp-json\/wp\/v2\/types\/post"}],"author":[{"embeddable":true,"href":"https:\/\/escribocreativo.com\/blog\/wp-json\/wp\/v2\/users\/1"}],"replies":[{"embeddable":true,"href":"https:\/\/escribocreativo.com\/blog\/wp-json\/wp\/v2\/comments?post=11493"}],"version-history":[{"count":0,"href":"https:\/\/escribocreativo.com\/blog\/wp-json\/wp\/v2\/posts\/11493\/revisions"}],"wp:attachment":[{"href":"https:\/\/escribocreativo.com\/blog\/wp-json\/wp\/v2\/media?parent=11493"}],"wp:term":[{"taxonomy":"category","embeddable":true,"href":"https:\/\/escribocreativo.com\/blog\/wp-json\/wp\/v2\/categories?post=11493"},{"taxonomy":"post_tag","embeddable":true,"href":"https:\/\/escribocreativo.com\/blog\/wp-json\/wp\/v2\/tags?post=11493"}],"curies":[{"name":"wp","href":"https:\/\/api.w.org\/{rel}","templated":true}]}}