{"id":11534,"date":"2012-05-17T00:40:23","date_gmt":"2012-05-16T23:40:23","guid":{"rendered":"http:\/\/poesiamas.net\/blog\/?p=11534"},"modified":"2015-03-14T00:50:59","modified_gmt":"2015-03-14T00:50:59","slug":"video-de-carlos-fuentes-una-clase-magistral","status":"publish","type":"post","link":"https:\/\/escribocreativo.com\/blog\/2012\/05\/17\/video-de-carlos-fuentes-una-clase-magistral\/","title":{"rendered":"V\u00eddeo de Carlos Fuentes: una clase magistral"},"content":{"rendered":"<p><iframe loading=\"lazy\" title=\"Carlos fuentes\" width=\"602\" height=\"452\" src=\"https:\/\/www.youtube.com\/embed\/kz_lFS6FUuo?feature=oembed\" frameborder=\"0\" allow=\"accelerometer; autoplay; clipboard-write; encrypted-media; gyroscope; picture-in-picture; web-share\" referrerpolicy=\"strict-origin-when-cross-origin\" allowfullscreen><\/iframe><\/p>\n<p style=\"text-align: justify;\">A la memoria de Carlos Fuentes, uno de los grandes de la literatura universal. Si ves este v\u00eddeo del maestro y no se te ponen los pelos de punta m\u00edrate bien a ver si se te escap\u00f3 el alma y no te diste cuenta. Pero no se ha ido: permanece, no lo sientes. Descanse en paz y memoria eterna para su obra.<\/p>\n<p style=\"text-align: center;\">[email_link]\n","protected":false},"excerpt":{"rendered":"<p>A la memoria de Carlos Fuentes, uno de los grandes de la literatura universal. Si ves este v\u00eddeo del maestro y no se te ponen los pelos de punta m\u00edrate bien a ver si se te escap\u00f3 el alma y no te diste cuenta. Pero no se ha ido: permanece, no lo sientes. Descanse en paz y memoria eterna para[&#8230;]<\/p>\n","protected":false},"author":1,"featured_media":0,"comment_status":"open","ping_status":"open","sticky":false,"template":"","format":"video","meta":{"footnotes":""},"categories":[3608],"tags":[504,614,961,1520,2175,3430],"class_list":["post-11534","post","type-post","status-publish","format-video","hentry","category-literatura","tag-carlos-fuentes","tag-clase-magistral","tag-don-quijote","tag-helena-de-troya","tag-memoria","tag-video","post_format-post-format-video"],"_links":{"self":[{"href":"https:\/\/escribocreativo.com\/blog\/wp-json\/wp\/v2\/posts\/11534","targetHints":{"allow":["GET"]}}],"collection":[{"href":"https:\/\/escribocreativo.com\/blog\/wp-json\/wp\/v2\/posts"}],"about":[{"href":"https:\/\/escribocreativo.com\/blog\/wp-json\/wp\/v2\/types\/post"}],"author":[{"embeddable":true,"href":"https:\/\/escribocreativo.com\/blog\/wp-json\/wp\/v2\/users\/1"}],"replies":[{"embeddable":true,"href":"https:\/\/escribocreativo.com\/blog\/wp-json\/wp\/v2\/comments?post=11534"}],"version-history":[{"count":0,"href":"https:\/\/escribocreativo.com\/blog\/wp-json\/wp\/v2\/posts\/11534\/revisions"}],"wp:attachment":[{"href":"https:\/\/escribocreativo.com\/blog\/wp-json\/wp\/v2\/media?parent=11534"}],"wp:term":[{"taxonomy":"category","embeddable":true,"href":"https:\/\/escribocreativo.com\/blog\/wp-json\/wp\/v2\/categories?post=11534"},{"taxonomy":"post_tag","embeddable":true,"href":"https:\/\/escribocreativo.com\/blog\/wp-json\/wp\/v2\/tags?post=11534"}],"curies":[{"name":"wp","href":"https:\/\/api.w.org\/{rel}","templated":true}]}}