{"id":11545,"date":"2012-05-18T14:32:37","date_gmt":"2012-05-18T13:32:37","guid":{"rendered":"http:\/\/poesiamas.net\/blog\/?p=11545"},"modified":"2015-03-14T00:50:59","modified_gmt":"2015-03-14T00:50:59","slug":"en-la-feria-del-libro-de-las-palmas","status":"publish","type":"post","link":"https:\/\/escribocreativo.com\/blog\/2012\/05\/18\/en-la-feria-del-libro-de-las-palmas\/","title":{"rendered":"En la Feria del Libro de Las Palmas"},"content":{"rendered":"<p>&nbsp;<\/p>\n<p style=\"text-align: center;\">Con Elena Morales (editora de Ediciones Idea y escritora, con la segunda edici\u00f3n de <em>Malgache<\/em>) y Arima Rodr\u00edguez Vega (escritora, presentaba <em>Los cr\u00edmenes de Ashton y Las Pesadillas de Uriel<\/em>) en la pasada Feria del Libro de Las Palmas de Gran Canaria 2012.<\/p>\n","protected":false},"excerpt":{"rendered":"<p>&nbsp; Con Elena Morales (editora de Ediciones Idea y escritora, con la segunda edici\u00f3n de Malgache) y Arima Rodr\u00edguez Vega (escritora, presentaba Los cr\u00edmenes de Ashton y Las Pesadillas de Uriel) en la pasada Feria del Libro de Las Palmas de Gran Canaria 2012.<\/p>\n","protected":false},"author":1,"featured_media":0,"comment_status":"open","ping_status":"open","sticky":false,"template":"","format":"image","meta":{"footnotes":""},"categories":[3608],"tags":[1906,3532],"class_list":["post-11545","post","type-post","status-publish","format-image","hentry","category-literatura","tag-las-palmas-de-gran-canaria","tag-xxiv-feria-del-libro","post_format-post-format-image"],"_links":{"self":[{"href":"https:\/\/escribocreativo.com\/blog\/wp-json\/wp\/v2\/posts\/11545","targetHints":{"allow":["GET"]}}],"collection":[{"href":"https:\/\/escribocreativo.com\/blog\/wp-json\/wp\/v2\/posts"}],"about":[{"href":"https:\/\/escribocreativo.com\/blog\/wp-json\/wp\/v2\/types\/post"}],"author":[{"embeddable":true,"href":"https:\/\/escribocreativo.com\/blog\/wp-json\/wp\/v2\/users\/1"}],"replies":[{"embeddable":true,"href":"https:\/\/escribocreativo.com\/blog\/wp-json\/wp\/v2\/comments?post=11545"}],"version-history":[{"count":0,"href":"https:\/\/escribocreativo.com\/blog\/wp-json\/wp\/v2\/posts\/11545\/revisions"}],"wp:attachment":[{"href":"https:\/\/escribocreativo.com\/blog\/wp-json\/wp\/v2\/media?parent=11545"}],"wp:term":[{"taxonomy":"category","embeddable":true,"href":"https:\/\/escribocreativo.com\/blog\/wp-json\/wp\/v2\/categories?post=11545"},{"taxonomy":"post_tag","embeddable":true,"href":"https:\/\/escribocreativo.com\/blog\/wp-json\/wp\/v2\/tags?post=11545"}],"curies":[{"name":"wp","href":"https:\/\/api.w.org\/{rel}","templated":true}]}}