{"id":1160,"date":"2008-12-15T10:31:32","date_gmt":"2008-12-15T10:31:32","guid":{"rendered":"http:\/\/poesiamas.net\/blog\/?p=1160"},"modified":"2015-03-14T00:51:22","modified_gmt":"2015-03-14T00:51:22","slug":"los-dias-perdidos","status":"publish","type":"post","link":"https:\/\/escribocreativo.com\/blog\/2008\/12\/15\/los-dias-perdidos\/","title":{"rendered":"Los d\u00edas perdidos"},"content":{"rendered":"<p style=\"text-align: justify;\">El ingeniero Ernst Kazirra lleg\u00f3 a casa, una noche, despu\u00e9s de toda una jornada de duro trabajo, y se sorprendi\u00f3 al ver salir por la parte de atr\u00e1s, que daba a un callej\u00f3n poco transitado, a un operario que llevaba al hombro una voluminosa caja y la cargaba en un cami\u00f3n, en cuyo interior se alineaban ya no pocas cajas id\u00e9nticas. Al parecer se trataba de la \u00faltima caja, porque el operario, antes que Ernst pudiera preguntarle qu\u00e9 andaba haciendo, ascendi\u00f3 a la cabina del cami\u00f3n y tom\u00f3 calle adelante, hacia la carretera. Ernst le sigui\u00f3 en el coche, durante horas, por carreteras desconocidas que se deshac\u00edan en estrechos caminos solitarios, entre colinas que nunca hab\u00eda visto.<\/p>\n<p style=\"text-align: justify;\">Ya era la hora anterior al alba cuando el cami\u00f3n se detuvo junto a un barranco bastante escarpado, y el operario salt\u00f3 fuera de la cabina, abri\u00f3 el cami\u00f3n y comenz\u00f3 a arrojar met\u00f3dicamente las cajas al fondo del barranco. Ernst detuvo el coche a pocos metros y comprob\u00f3 que en el fondo del barranco se apilaban, en desorden, cientos de cajas todas iguales.<\/p>\n<p style=\"text-align: justify;\">&#8211; \u00a1Espere! -, grit\u00f3 Ernst al operario, que ya casi hab\u00eda vaciado el cami\u00f3n -. \u00bfQu\u00e9 significa todo esto? Le he visto sacar esas cajas de mi casa \u00bfQu\u00e9 hay dentro?<\/p>\n<p style=\"text-align: justify;\">El operario, sin abandonar su labor, respondi\u00f3:<\/p>\n<p style=\"text-align: justify;\">&#8211; \u00bfNo lo sabes? Son los d\u00edas.<\/p>\n<p style=\"text-align: justify;\">Ernst no comprendi\u00f3 las palabras del operario.<\/p>\n<p style=\"text-align: justify;\">&#8211; Son los d\u00edas -, repiti\u00f3 \u00e9ste, impert\u00e9rrito.<\/p>\n<p style=\"text-align: justify;\">&#8211; \u00bfQu\u00e9 d\u00edas?<\/p>\n<p style=\"text-align: justify;\">&#8211; Tus d\u00edas, tus d\u00edas perdidos. \u00bfNo quieres verlos?<\/p>\n<p style=\"text-align: justify;\">Ernst se aventur\u00f3 por la empinada ladera del barranco y lleg\u00f3, no sin apuros, hasta las primeras cajas diseminadas. Abri\u00f3 la primera: en ella vio a su hermano Josu\u00e9 en la cama de un hospital, solo, y con aspecto de profundo abatimiento, pero \u00e9l no ten\u00eda tiempo de ir a verle. Abri\u00f3 otra, al azar; pudo ver la vieja casa del Abruzzo y a Duk, el fiel mast\u00edn, ya pura piel y huesos, amarrado a la verja, esper\u00e1ndole; pero \u00e9l nunca ten\u00eda tiempo de ir a la vieja casa. En la tercera caja encontr\u00f3 una calle lluviosa, una tarde de oto\u00f1o, y a Chiara que se marchaba llorando, y \u00e9l ni siquiera le ped\u00eda que volviese.<\/p>\n<p style=\"text-align: justify;\">Ernst mir\u00f3 hacia arriba, y vio la silueta del operario que se recortaba en la cresta del barranco contra el cielo rojizo, erguida y oscura, como la de un justiciero.<\/p>\n<p style=\"text-align: justify;\">&#8211; Esc\u00facheme. D\u00e9jeme llevarme esos tres d\u00edas. S\u00f3lo esos. Le pagar\u00e9 lo que me pida, soy un hombre muy rico.<\/p>\n<p style=\"text-align: justify;\">El operario no respondi\u00f3, y se limit\u00f3 a mirar hacia arriba, haciendo un gesto, como se\u00f1alando un punto indefinible o como si quisiera decir que ya era demasiado tarde. En un momento, mientras el sol se alzaba, desapareci\u00f3, pareci\u00f3 hacerse trasl\u00facido, disolverse en el aire, y con \u00e9l desaparecieron el cami\u00f3n y todas las cajas, y Ernst se qued\u00f3 solo en el fondo del barranco.<\/p>\n<p style=\"text-align: justify;\">\n<p style=\"text-align: justify;\">\n<p style=\"text-align: justify;\">Cuento escrito por el genial Dino Buzzati, uno de los mejores cuentistas que he tenido el placer de leer nunca.<span style=\"color: #003300;\"> <a href=\"http:\/\/escribocreativo.com\/index.php?option=com_content&amp;view=category&amp;id=8&amp;Itemid=63\">Lee m\u00e1s relatos de Buzzati en Poes\u00eda+Letras<\/a>.<br \/>\n<\/span><\/p>\n","protected":false},"excerpt":{"rendered":"<p>El ingeniero Ernst Kazirra lleg\u00f3 a casa, una noche, despu\u00e9s de toda una jornada de duro trabajo, y se sorprendi\u00f3 al ver salir por la parte de atr\u00e1s, que daba a un callej\u00f3n poco transitado, a un operario que llevaba al hombro una voluminosa caja y la cargaba en un cami\u00f3n, en cuyo interior se alineaban ya no pocas cajas[&#8230;]<\/p>\n","protected":false},"author":1,"featured_media":0,"comment_status":"open","ping_status":"open","sticky":false,"template":"","format":"standard","meta":{"footnotes":""},"categories":[3608],"tags":[800,929,2014,2827],"class_list":["post-1160","post","type-post","status-publish","format-standard","hentry","category-literatura","tag-cuento","tag-dino-buzzati","tag-los-dias-perdidos","tag-relato"],"_links":{"self":[{"href":"https:\/\/escribocreativo.com\/blog\/wp-json\/wp\/v2\/posts\/1160","targetHints":{"allow":["GET"]}}],"collection":[{"href":"https:\/\/escribocreativo.com\/blog\/wp-json\/wp\/v2\/posts"}],"about":[{"href":"https:\/\/escribocreativo.com\/blog\/wp-json\/wp\/v2\/types\/post"}],"author":[{"embeddable":true,"href":"https:\/\/escribocreativo.com\/blog\/wp-json\/wp\/v2\/users\/1"}],"replies":[{"embeddable":true,"href":"https:\/\/escribocreativo.com\/blog\/wp-json\/wp\/v2\/comments?post=1160"}],"version-history":[{"count":0,"href":"https:\/\/escribocreativo.com\/blog\/wp-json\/wp\/v2\/posts\/1160\/revisions"}],"wp:attachment":[{"href":"https:\/\/escribocreativo.com\/blog\/wp-json\/wp\/v2\/media?parent=1160"}],"wp:term":[{"taxonomy":"category","embeddable":true,"href":"https:\/\/escribocreativo.com\/blog\/wp-json\/wp\/v2\/categories?post=1160"},{"taxonomy":"post_tag","embeddable":true,"href":"https:\/\/escribocreativo.com\/blog\/wp-json\/wp\/v2\/tags?post=1160"}],"curies":[{"name":"wp","href":"https:\/\/api.w.org\/{rel}","templated":true}]}}