{"id":11654,"date":"2012-06-07T21:19:38","date_gmt":"2012-06-07T20:19:38","guid":{"rendered":"http:\/\/poesiamas.net\/blog\/?p=11654"},"modified":"2012-06-07T21:19:38","modified_gmt":"2012-06-07T20:19:38","slug":"a-toda-la-gente-que-me-quiere","status":"publish","type":"post","link":"https:\/\/escribocreativo.com\/blog\/2012\/06\/07\/a-toda-la-gente-que-me-quiere\/","title":{"rendered":"A toda la gente que me quiere&#8230;"},"content":{"rendered":"<p style=\"text-align: justify;\">A toda la gente que me quiere, decirle que la quiero; a toda la gente que a\u00fan no me quiere, decirle que \u00a1estamos a tiempo de llegar a querernos!; a toda la gente que a\u00fan no me conoce, decirle \u00a1que pruebe a conocerme!; a toda la gente que a\u00fan no conozco, interesante o medio pensionista, rubios o morenas, hippys o burgueses, lujuriosas y aburridores, lun\u00e1ticas y sospechosos, donjuanes y celestinas, mata-haris y jamesbondes, rom\u00e1nicos y g\u00f3ticos, impresionables y vanguardistas, suspiradoras y perpetradores, artistas y pijoteros, quijotes y monalisas, detallistas y despistadas, hero\u00ednas y perdedores, emocionales y razonadoras, cuentistas y so\u00f1adoras, ruidosas y silenciosos, cabecicubas y parlanchinos, esquizoides y animalarios, pacifistas y robespierres, napole\u00f3nicas y mariantonietos, trileros y bondadosas, cari\u00f1osas y metemanos, arrancacorazones y prestacorazones, luces y penumbras, tel\u00f3n y escenario, miel y algod\u00f3n, \u00a1d\u00f3nde se meten, que los quiero conocer! \ud83d\ude00<\/p>\n<p style=\"text-align: center;\"><em><\/em><br \/>\n<iframe loading=\"lazy\" title=\"St. Germain\" width=\"602\" height=\"452\" src=\"https:\/\/www.youtube.com\/embed\/82_ATwstl2w?feature=oembed\" frameborder=\"0\" allow=\"accelerometer; autoplay; clipboard-write; encrypted-media; gyroscope; picture-in-picture; web-share\" referrerpolicy=\"strict-origin-when-cross-origin\" allowfullscreen><\/iframe><\/p>\n<p style=\"text-align: center;\"><span style=\"font-size: x-small;\"><em>Pour un exil<\/em><\/span><br \/>\n<span style=\"font-size: x-small;\"><em>Ce petit bout de femme t&#8217;emm\u00e8nera loin<\/em><\/span><br \/>\n<span style=\"font-size: x-small;\"><em>Tout est permis<\/em><\/span><br \/>\n<span style=\"font-size: x-small;\"><em>J&#8217;ai mis mes pas dans les siens<\/em><\/span><br \/>\n<span style=\"font-size: x-small;\"><em>Elle est bien le soleil<\/em><\/span><br \/>\n<span style=\"font-size: x-small;\"><em>Puisque tout tourne autour d&#8217;elle<\/em><\/span><br \/>\n<span style=\"font-size: x-small;\"><em>Petite merveille<\/em><\/span><\/p>\n<p style=\"text-align: center;\"><span style=\"font-size: x-small;\"><em>Pas si facile<\/em><\/span><br \/>\n<span style=\"font-size: x-small;\"><em>D&#8217;\u00eatre aussi pure dans un monde qui l&#8217;est moins<\/em><\/span><br \/>\n<span style=\"font-size: x-small;\"><em>Mille et une symphonies<\/em><\/span><br \/>\n<span style=\"font-size: x-small;\"><em>Qu&#8217;elle inventera en un rien<\/em><\/span><br \/>\n<span style=\"font-size: x-small;\"><em>Enfin le bonheur<\/em><\/span><br \/>\n<span style=\"font-size: x-small;\"><em>C&#8217;est toutes les couleurs<\/em><\/span><br \/>\n<span style=\"font-size: x-small;\"><em>De son cur<\/em><\/span><\/p>\n<p style=\"text-align: center;\"><span style=\"font-size: x-small;\"><em>[Refrain:]<\/em><\/span><br \/>\n<span style=\"font-size: x-small;\"><em>Tu donnes go\u00fbt \u00e0 la vie<\/em><\/span><br \/>\n<span style=\"font-size: x-small;\"><em>Je t&#8217;avoue je t&#8217;envie<\/em><\/span><br \/>\n<span style=\"font-size: x-small;\"><em>T&#8217;es tout c&#8217;qui donne envie<\/em><\/span><br \/>\n<span style=\"font-size: x-small;\"><em>M\u00e9lody<\/em><\/span><\/p>\n<p style=\"text-align: center;\"><span style=\"font-size: x-small;\"><em>Je m&#8217;adoucie<\/em><\/span><br \/>\n<span style=\"font-size: x-small;\"><em>Quand je m&#8217;rend compte qu&#8217;au fond elle m&#8217;aime bein<\/em><\/span><br \/>\n<span style=\"font-size: x-small;\"><em>Pur un de ses sourires je f&#8217;rais<\/em><\/span><br \/>\n<span style=\"font-size: x-small;\"><em>Le tour de la terre sur les mains<\/em><\/span><br \/>\n<span style=\"font-size: x-small;\"><em>Aux nouvelles des \u00e9toiles<\/em><\/span><br \/>\n<span style=\"font-size: x-small;\"><em>Elle fait briller son \u00e2me<\/em><\/span><br \/>\n<span style=\"font-size: x-small;\"><em>Quand l&#8217;jour s&#8217;enflamme<\/em><\/span><\/p>\n<p style=\"text-align: center;\">[email_link]\n","protected":false},"excerpt":{"rendered":"<p>A toda la gente que me quiere, decirle que la quiero; a toda la gente que a\u00fan no me quiere, decirle que \u00a1estamos a tiempo de llegar a querernos!; a toda la gente que a\u00fan no me conoce, decirle \u00a1que pruebe a conocerme!; a toda la gente que a\u00fan no conozco, interesante o medio pensionista, rubios o morenas, hippys o[&#8230;]<\/p>\n","protected":false},"author":1,"featured_media":0,"comment_status":"open","ping_status":"open","sticky":false,"template":"","format":"standard","meta":{"footnotes":""},"categories":[10],"tags":[156,157,1566,1593,2273],"class_list":["post-11654","post","type-post","status-publish","format-standard","hentry","category-la-ciudad-reflexiva","tag-amistad","tag-amor","tag-hombres","tag-humanidad","tag-mujeres"],"_links":{"self":[{"href":"https:\/\/escribocreativo.com\/blog\/wp-json\/wp\/v2\/posts\/11654","targetHints":{"allow":["GET"]}}],"collection":[{"href":"https:\/\/escribocreativo.com\/blog\/wp-json\/wp\/v2\/posts"}],"about":[{"href":"https:\/\/escribocreativo.com\/blog\/wp-json\/wp\/v2\/types\/post"}],"author":[{"embeddable":true,"href":"https:\/\/escribocreativo.com\/blog\/wp-json\/wp\/v2\/users\/1"}],"replies":[{"embeddable":true,"href":"https:\/\/escribocreativo.com\/blog\/wp-json\/wp\/v2\/comments?post=11654"}],"version-history":[{"count":0,"href":"https:\/\/escribocreativo.com\/blog\/wp-json\/wp\/v2\/posts\/11654\/revisions"}],"wp:attachment":[{"href":"https:\/\/escribocreativo.com\/blog\/wp-json\/wp\/v2\/media?parent=11654"}],"wp:term":[{"taxonomy":"category","embeddable":true,"href":"https:\/\/escribocreativo.com\/blog\/wp-json\/wp\/v2\/categories?post=11654"},{"taxonomy":"post_tag","embeddable":true,"href":"https:\/\/escribocreativo.com\/blog\/wp-json\/wp\/v2\/tags?post=11654"}],"curies":[{"name":"wp","href":"https:\/\/api.w.org\/{rel}","templated":true}]}}