{"id":11695,"date":"2012-06-15T19:11:52","date_gmt":"2012-06-15T18:11:52","guid":{"rendered":"http:\/\/poesiamas.net\/blog\/?p=11695"},"modified":"2012-06-15T19:11:52","modified_gmt":"2012-06-15T18:11:52","slug":"una-vida-en-polaroids","status":"publish","type":"post","link":"https:\/\/escribocreativo.com\/blog\/2012\/06\/15\/una-vida-en-polaroids\/","title":{"rendered":"Una vida en polaroids"},"content":{"rendered":"<p style=\"text-align: justify;\">Una liana corta el cielo l\u00edmpido y azul en dos mitades, suspendida en el aire, lo suficientemente abajo como para poder tocar las polariod que cuelgan sobre esta, como una especie de domin\u00f3 de fotos que se extiende hasta perderse en el horizonte. Nos retrasamos unos pasos y tiramos de la primera polaroid. Vaya, en realidad son varias, unidas por el extremo superior en formato de almanaque. La imagen tarda en revelarse, como si fuera acabada de tomar. S\u00ed, ah\u00ed estamos nosotros, \u00bftendr\u00edamos cuatro a\u00f1os? El fot\u00f3grafo nos tom\u00f3 la foto desde atr\u00e1s, a la izquierda, tomando el balc\u00f3n de amplios ventanales y nuestros piececitos subidos a una palangana celeste. Miramos algo; en la parte superior se aprecia la pala, de brazo amarillo, de un tractor, abierta como las fauces de un tigre. Soltamos la foto y vaya, qu\u00e9 es eso; la polaroid vuelve a oscurecerse. Agarramos de nuevo la foto; el mismo proceso,primero un tono morado, luego rojizo, y los colores van dispers\u00e1ndose en sus lugares como un ni\u00f1o que pinta un dibujo en blanco y negro. \u00bfY las fotos de detr\u00e1s? Otras im\u00e1genes nuestras de aquellos a\u00f1os.<\/p>\n<p style=\"text-align: justify;\">Avanzamos. \u00bfQu\u00e9 habr\u00e1 aqu\u00ed? El aire es h\u00famedo y sin embargo el sol, que cuelga como un broche, es pegajoso, y sus rayos caen como brasas blancas sobre la frente y el cuello. Una foto de la adolescencia parece revelarse; s\u00ed, ah\u00ed andamos jugando a la pelota, al fondo un parque sucio y un grupo de hippys fumando yerba, unas chicas juegan a saltar la comba en segundo plano, la del vestido a rayas azules y celestes est\u00e1 en cuclillas y parece mirar absorta un bicho, tal vez un escarabajo, intentamos recordar si hab\u00eda escarabajos por all\u00ed. Pasamos las fotos y nos reconocemos, reconocemos el adolescente que fuimos, los tormentos, el dolor, los conflictos, el primer beso y la traici\u00f3n, seguramente&#8230;<\/p>\n<p style=\"text-align: justify;\">\u00bfY aqu\u00ed, al frente? Caminamos hasta el extremo de la liana, pero parece que no acaba nunca, as\u00ed que cuando intentamos coger el \u00faltimo \u00e1rbol de polaroids aparece uno justo a su derecha. Nos conformamos; cogemos la primera imagen, esperamos, y nos vemos. Es un primer plano mirando al horizonte, como si el fot\u00f3grafo misterioso estuviera en un edificio cercano con un teleobjetivo y disparara 35 im\u00e1genes por segundo. \u00bfQu\u00e9 vemos? El paso del tiempo, las huellas de las convicciones que fuerno despejadas, las cejas m\u00e1s pobladas, las marcas en los ojos y los labios al sonre\u00edr, tenues a\u00fan, o quiz\u00e1s no tanto, ahora que la foto termina de revelarse y toda la paleta de colores refulge: los rojos, los amarillos, los turquesa, los tonos pastel incluso parecen vivos. Esa es la palabra, entonces, vivos. Estamos contentos, sin duda, mirando hacia la izquierda de la liana, que se pierde a nuestros ojos, por el autoconocimiento y la capacidad de haber crecido. De haber entendido que hay certezas m\u00e1s all\u00e1 del brillo fatuo e ins\u00edpido y de la\u00a0 ilusi\u00f3n del oro. Certezas que nos da seguridad en nosotros mismos, en nuestras actitudes, en un abrazo afectuoso y c\u00e1lido con el mundo. Y es ah\u00ed, entonces, cuando la liana, sorprendentemente, se adhiere a nuestros brazos en cruz, y al abrir los ojos nos abraza con la calidez del primer beso de una madre.<\/p>\n<p style=\"text-align: center;\"><iframe loading=\"lazy\" title=\"Rebecca Ferguson - Glitter &amp; Gold (Official Video)\" width=\"602\" height=\"339\" src=\"https:\/\/www.youtube.com\/embed\/nMV4bhP-hFk?feature=oembed\" frameborder=\"0\" allow=\"accelerometer; autoplay; clipboard-write; encrypted-media; gyroscope; picture-in-picture; web-share\" referrerpolicy=\"strict-origin-when-cross-origin\" allowfullscreen><\/iframe><\/p>\n<p style=\"text-align: center;\">[email_link]\n","protected":false},"excerpt":{"rendered":"<p>Una liana corta el cielo l\u00edmpido y azul en dos mitades, suspendida en el aire, lo suficientemente abajo como para poder tocar las polariod que cuelgan sobre esta, como una especie de domin\u00f3 de fotos que se extiende hasta perderse en el horizonte. Nos retrasamos unos pasos y tiramos de la primera polaroid. Vaya, en realidad son varias, unidas por[&#8230;]<\/p>\n","protected":false},"author":1,"featured_media":0,"comment_status":"open","ping_status":"open","sticky":false,"template":"","format":"standard","meta":{"footnotes":""},"categories":[10],"tags":[53,248,1246,1671,2278,2636,3424],"class_list":["post-11695","post","type-post","status-publish","format-standard","hentry","category-la-ciudad-reflexiva","tag-abrazo","tag-autoconocimiento","tag-evolucion","tag-inteligencia-emocional","tag-mundo","tag-polaroid","tag-vida"],"_links":{"self":[{"href":"https:\/\/escribocreativo.com\/blog\/wp-json\/wp\/v2\/posts\/11695","targetHints":{"allow":["GET"]}}],"collection":[{"href":"https:\/\/escribocreativo.com\/blog\/wp-json\/wp\/v2\/posts"}],"about":[{"href":"https:\/\/escribocreativo.com\/blog\/wp-json\/wp\/v2\/types\/post"}],"author":[{"embeddable":true,"href":"https:\/\/escribocreativo.com\/blog\/wp-json\/wp\/v2\/users\/1"}],"replies":[{"embeddable":true,"href":"https:\/\/escribocreativo.com\/blog\/wp-json\/wp\/v2\/comments?post=11695"}],"version-history":[{"count":0,"href":"https:\/\/escribocreativo.com\/blog\/wp-json\/wp\/v2\/posts\/11695\/revisions"}],"wp:attachment":[{"href":"https:\/\/escribocreativo.com\/blog\/wp-json\/wp\/v2\/media?parent=11695"}],"wp:term":[{"taxonomy":"category","embeddable":true,"href":"https:\/\/escribocreativo.com\/blog\/wp-json\/wp\/v2\/categories?post=11695"},{"taxonomy":"post_tag","embeddable":true,"href":"https:\/\/escribocreativo.com\/blog\/wp-json\/wp\/v2\/tags?post=11695"}],"curies":[{"name":"wp","href":"https:\/\/api.w.org\/{rel}","templated":true}]}}