{"id":1190,"date":"2008-12-19T10:26:36","date_gmt":"2008-12-19T10:26:36","guid":{"rendered":"http:\/\/poesiamas.net\/blog\/?p=1190"},"modified":"2008-12-19T10:26:36","modified_gmt":"2008-12-19T10:26:36","slug":"carta-a-papa-noel","status":"publish","type":"post","link":"https:\/\/escribocreativo.com\/blog\/2008\/12\/19\/carta-a-papa-noel\/","title":{"rendered":"Carta a Pap\u00e1 Noel"},"content":{"rendered":"<p style=\"text-align: center;\">&nbsp;<\/p>\n<p style=\"text-align: justify;\">Querido Pap\u00e1 Noel:<\/p>\n<p style=\"text-align: justify;\">Primero, darle las gracias a mi hermanita la peque\u00f1a que con solo nueve a\u00f1os me ha corregido esta carta. Y ahora voy contigo.<\/p>\n<p style=\"text-align: justify;\">Te lo digo en toda la cara: eres un chaquetero. Y a m\u00ed no me mires as\u00ed que me pongo tenso. \u00bfSabes porqu\u00e9? Pues ahora te lo digo, qu\u00e9 te crees, \u00bfque te tengo miedo? \u00bfNo me pones regalos? No me pongas. Yo soy de toda la vida de dos cosas: de los Reyes Magos y del &#8220;Granca&#8221;. Y no te metas con ellos que no te conviene: son tres. Y el negro tiene pinta de haber estado en los marinos en Guant\u00e1namo, qu\u00e9, ya te tiemblan las rodillas, te libras porque son pac\u00edficos.<\/p>\n<p>La raz\u00f3n de mi decepci\u00f3n contigo es \u00e9sta: has pasado de ser n\u00f3rdico y llamarte Pap\u00e1 Noel a cambiarte el dni por Santa Claus &amp; Co, Ltd., para, finalmente, dejarte seducir por El Corte Ingl\u00e9s. No me va tu rollo, me gusta la gente que va de cara. Eres m\u00e1s falso que el dinero del <em>Monopoly<\/em>.<\/p>\n<p style=\"text-align: justify;\">Ten cuidado conmigo porque vivo en un barrio tan chungo que los perros andan estre\u00f1idos. Que sepas que me he quedado con tu cara. Te piensas que como no puedo pincharte las ruedas del coche te libras, pero les puedo poner dulces turcos de miel a los renos y que les de una subida de az\u00facar.<\/p>\n<p style=\"text-align: justify;\">\u00a1Que te cre\u00edas que aqu\u00ed somos bobos! Te tengo calzado y te digo algo: aqu\u00ed los chaqueteros no nos gustan, c\u00f3gete un bonob\u00fas porque me sobras. En mi caso, ya me ol\u00eda algo, yo no lo dije antes porque no quer\u00eda ir de listo, Evaristo, pero te cog\u00ed el fallo rapidito. Al principio, es verdad, me dej\u00e9 engolosinar con tu rollito de dulce anciano y mofletitos encarnados. A m\u00ed me daba la risa porque mi hermana la peque\u00f1a se flipaba toda, aunque yo siempre le digo que no flipe tanto y que no sea tan flipada, y ella me dice que el que flipa soy yo.<\/p>\n<p style=\"text-align: justify;\">Y ahora, \u00a1qu\u00e9! \u00a1Eh! \u00a1Ahora qu\u00e9! \u00bfNo tienes nada que decir? A ver, justif\u00edcame. A que no puedes. Como dijo Tinguaro, &#8220;el reparto no lo veo sano&#8221;. Un se\u00f1or con sobrepeso y con los mofletes rojos, mira, si no fuera porque te dedicas a lo que te dedicas te dir\u00eda que fuerte pinta travelo tienes, con esos mofletes que son m\u00e1s descaraos que est\u00e1n m\u00e1s pintaos que los de Lolita Pluma. Lo que me faltaba para el negocio es que te gustara la carne y el pescao, buff, en carnavales, nunca mejor dicho, te pones las botas. Ya s\u00e9 que no es as\u00ed, pero ya sabes, t\u00fa que me conoces, que yo tengo mucha imaginaci\u00f3n. De todas formas, cuidadito, Lolita tiene mil veces m\u00e1s clase que tu de aqu\u00ed al Confital. S\u00ed, s\u00ed, tu r\u00edete, pero vete caminando de la Isleta al Refugio, y luego al Muelle Grande,  que vas a ver t\u00fa que a la altura de la Casa del Co\u00f1o ya est\u00e1s resollando. No es por faltar, pero mejor te coges un taxi.<\/p>\n<p style=\"text-align: justify;\">Te dir\u00e9 una cosa m\u00e1s. \u00a1He estado llorando toda la noche! Desde que me enter\u00e9 de tu movida, me he desilusionado. Y solo tengo 15 a\u00f1os. Pero soy listo. Mira, cuando t\u00fa vas, aunque sea con renos, yo ya he vuelto con mi scooter california y me ha dao tiempo de ir a buscar a la piba, sacarla a coger aire, y dejarla en su casa de nuevo, ya tengo claro que cuando tengamos 18 nos casamos porque estamos enamorados. Otra cosa que nunca me gust\u00f3 de ti es que no eres nadie para decirme a m\u00ed lo que tengo o no tengo que de hacer. Con mis padres ya tengo bastante, no me exta\u00f1ar\u00eda que me dijera el m\u00e9dico que tengo estr\u00e9s. Eres un personaje.<\/p>\n<p style=\"text-align: justify;\">A ver si no vuelves m\u00e1s.<\/p>\n<p style=\"text-align: left;\">Ta nunca,<\/p>\n<p style=\"text-align: left;\">El Charlie.<\/p>\n<p style=\"text-align: left;\">&nbsp;<\/p>\n<p style=\"text-align: justify;\">P.D.: Me llamo Jose Adri\u00e1n del Pino pero todos mis amigos me llaman Charlie menos t\u00fa, que me tienes que llamar se\u00f1or Charlie, o mejor no pronuncies mi nombre. Me he quedado con tu cara y si te vuelvo a ver por aqu\u00ed la noche del 24 te vas a encontar una &#8220;guirrea&#8221; de tirachinas de las buenas.<\/p>\n<p style=\"text-align: center;\">[email_link]\n","protected":false},"excerpt":{"rendered":"<p>&nbsp; Querido Pap\u00e1 Noel: Primero, darle las gracias a mi hermanita la peque\u00f1a que con solo nueve a\u00f1os me ha corregido esta carta. Y ahora voy contigo. Te lo digo en toda la cara: eres un chaquetero. Y a m\u00ed no me mires as\u00ed que me pongo tenso. \u00bfSabes porqu\u00e9? Pues ahora te lo digo, qu\u00e9 te crees, \u00bfque te[&#8230;]<\/p>\n","protected":false},"author":1,"featured_media":0,"comment_status":"open","ping_status":"open","sticky":false,"template":"","format":"standard","meta":{"footnotes":""},"categories":[10],"tags":[516,517,2315,2482,2814,2964],"class_list":["post-1190","post","type-post","status-publish","format-standard","hentry","category-la-ciudad-reflexiva","tag-carta","tag-carta-a-papa-noel","tag-navidad","tag-papa-noel","tag-regalos","tag-santa-claus"],"_links":{"self":[{"href":"https:\/\/escribocreativo.com\/blog\/wp-json\/wp\/v2\/posts\/1190","targetHints":{"allow":["GET"]}}],"collection":[{"href":"https:\/\/escribocreativo.com\/blog\/wp-json\/wp\/v2\/posts"}],"about":[{"href":"https:\/\/escribocreativo.com\/blog\/wp-json\/wp\/v2\/types\/post"}],"author":[{"embeddable":true,"href":"https:\/\/escribocreativo.com\/blog\/wp-json\/wp\/v2\/users\/1"}],"replies":[{"embeddable":true,"href":"https:\/\/escribocreativo.com\/blog\/wp-json\/wp\/v2\/comments?post=1190"}],"version-history":[{"count":0,"href":"https:\/\/escribocreativo.com\/blog\/wp-json\/wp\/v2\/posts\/1190\/revisions"}],"wp:attachment":[{"href":"https:\/\/escribocreativo.com\/blog\/wp-json\/wp\/v2\/media?parent=1190"}],"wp:term":[{"taxonomy":"category","embeddable":true,"href":"https:\/\/escribocreativo.com\/blog\/wp-json\/wp\/v2\/categories?post=1190"},{"taxonomy":"post_tag","embeddable":true,"href":"https:\/\/escribocreativo.com\/blog\/wp-json\/wp\/v2\/tags?post=1190"}],"curies":[{"name":"wp","href":"https:\/\/api.w.org\/{rel}","templated":true}]}}