{"id":11961,"date":"2012-08-02T00:10:35","date_gmt":"2012-08-01T23:10:35","guid":{"rendered":"http:\/\/poesiamas.net\/blog\/?p=11961"},"modified":"2015-03-14T00:50:58","modified_gmt":"2015-03-14T00:50:58","slug":"escribir-bien-es-el-viaje-mas-bonito","status":"publish","type":"post","link":"https:\/\/escribocreativo.com\/blog\/2012\/08\/02\/escribir-bien-es-el-viaje-mas-bonito\/","title":{"rendered":"Escribir bien es el viaje m\u00e1s bonito"},"content":{"rendered":"<p style=\"text-align: justify;\"><a href=\"https:\/\/escribocreativo.com\/blog\/wp-content\/uploads\/2012\/08\/travel-suitcase.jpg\"><img loading=\"lazy\" decoding=\"async\" class=\"alignleft  wp-image-11962\" title=\"travel-suitcase\" src=\"https:\/\/escribocreativo.com\/blog\/wp-content\/uploads\/2012\/08\/travel-suitcase.jpg\" alt=\"\" width=\"244\" height=\"246\" \/><\/a>Ha fallecido Gore Vidal, y hay una frase suya que me encanta: &#8220;Como todo autor (y todo lector) sabe, escribir bien es el viaje m\u00e1s bonito que existe&#8221;. Sin embargo, no deber\u00edamos crearnos el sufrimiento de tener que escribir bien: escribir simplemente ya es el para\u00edso. Lamentablemente, no siempre podremos ver la escritura con tanta alegr\u00eda, pero estas frases son precisamente para recordarnos, en esos momentos, que en la escritura, como en tantas otras cosas de la vida, es el camino, no la meta.<\/p>\n<p style=\"text-align: justify;\">Escribir puede ser simplemente la expresi\u00f3n de tener algo o nada que decir -ambas posibilidades se pueden dar de forma alterna o al mismo tiempo-, por necesitar dinero o por seducir mujeres -que no fue mi caso pero empiezo a ver los beneficios-. Otra buena raz\u00f3n es que nos gusta el olor del papel o, incluso, que nos convertimos en unos obsesivos compulsivos en cuanto tenemos un ordenador, un papel o una m\u00e1quina de escribir cerca. Pero lo m\u00e1s importante quiz\u00e1s sea el pedacito de nosotros con que empapamos las hojas.<\/p>\n<p style=\"text-align: justify;\"><!--more--><\/p>\n<p style=\"text-align: justify;\">Como para cada uno de nosotros escribir es algo diferente, ser\u00eda bueno que los que escribimos nos uni\u00e9ramos en una sociedad de escritores en su acepci\u00f3n m\u00e1s pura, es decir: no tanto el que usa la artesan\u00eda literaria con pasi\u00f3n, respeto, ambici\u00f3n, sino todo aquel que plasma sus historias, sentimientos, etc. para ser le\u00eddos por \u00e9l mismo o por otros. Har\u00edamos una gran ola de escritores mundiales, un tsunami si tenemos en cuenta que vivimos en un periodo hist\u00f3rico en el que \u00a1todo el mundo es y se siente escritor, pero ojo, no cualquier escritor, sino un gran escritor!<\/p>\n<p style=\"text-align: justify;\">Dicha la iron\u00eda, el \u00fanico consejo que me atrever\u00eda a dar es: que todo florezca. La escritura, la vida, la vida en la escritura y la escritura en la vida. Todo lo que te pide la historia que quieres contar es que creas en ella y la trates con honestidad. Encontrar los mundos separados\u00a0 y plasmarlos en alguna parte. Y vivirlo como si dejarnos unas cuantas horas de vida mientras escribimos fuera lo \u00fanico que valiera la pena durante esos sordos tics tacs de reloj. Yo no puedo imaginarme nada mejor.<\/p>\n<p style=\"text-align: center;\">\n","protected":false},"excerpt":{"rendered":"<p>Ha fallecido Gore Vidal, y hay una frase suya que me encanta: &#8220;Como todo autor (y todo lector) sabe, escribir bien es el viaje m\u00e1s bonito que existe&#8221;. Sin embargo, no deber\u00edamos crearnos el sufrimiento de tener que escribir bien: escribir simplemente ya es el para\u00edso. Lamentablemente, no siempre podremos ver la escritura con tanta alegr\u00eda, pero estas frases son[&#8230;]<\/p>\n","protected":false},"author":1,"featured_media":0,"comment_status":"open","ping_status":"open","sticky":false,"template":"","format":"standard","meta":{"footnotes":""},"categories":[3608],"tags":[1183,1460,1959,1989,2602,3412],"class_list":["post-11961","post","type-post","status-publish","format-standard","hentry","category-literatura","tag-escritura-creativa","tag-gore-vidal","tag-libro","tag-la-ciudad-y-las-letras","tag-placer","tag-viaje"],"_links":{"self":[{"href":"https:\/\/escribocreativo.com\/blog\/wp-json\/wp\/v2\/posts\/11961","targetHints":{"allow":["GET"]}}],"collection":[{"href":"https:\/\/escribocreativo.com\/blog\/wp-json\/wp\/v2\/posts"}],"about":[{"href":"https:\/\/escribocreativo.com\/blog\/wp-json\/wp\/v2\/types\/post"}],"author":[{"embeddable":true,"href":"https:\/\/escribocreativo.com\/blog\/wp-json\/wp\/v2\/users\/1"}],"replies":[{"embeddable":true,"href":"https:\/\/escribocreativo.com\/blog\/wp-json\/wp\/v2\/comments?post=11961"}],"version-history":[{"count":0,"href":"https:\/\/escribocreativo.com\/blog\/wp-json\/wp\/v2\/posts\/11961\/revisions"}],"wp:attachment":[{"href":"https:\/\/escribocreativo.com\/blog\/wp-json\/wp\/v2\/media?parent=11961"}],"wp:term":[{"taxonomy":"category","embeddable":true,"href":"https:\/\/escribocreativo.com\/blog\/wp-json\/wp\/v2\/categories?post=11961"},{"taxonomy":"post_tag","embeddable":true,"href":"https:\/\/escribocreativo.com\/blog\/wp-json\/wp\/v2\/tags?post=11961"}],"curies":[{"name":"wp","href":"https:\/\/api.w.org\/{rel}","templated":true}]}}