{"id":11990,"date":"2012-08-12T20:22:46","date_gmt":"2012-08-12T19:22:46","guid":{"rendered":"http:\/\/poesiamas.net\/blog\/?p=11990"},"modified":"2016-08-11T22:52:36","modified_gmt":"2016-08-11T21:52:36","slug":"entrevista-a-julio-caballero-en-la-radio-al-sol","status":"publish","type":"post","link":"https:\/\/escribocreativo.com\/blog\/2012\/08\/12\/entrevista-a-julio-caballero-en-la-radio-al-sol\/","title":{"rendered":"Entrevista a Julio Caballero en La Radio al Sol"},"content":{"rendered":"<p>Aqu\u00ed les dejo la entrevista que me hicieron en <em>La Radio al Sol<\/em>, en Radio Ecca Tenerife, tras la presentaci\u00f3n de <em>A trav\u00e9s del espejo<\/em>. \u00a1Espero que les guste! \ud83d\ude00<\/p>\n<p><a href=\"http:\/\/www.youtube.com\/watch?v=PwvX3EKoOlU\">http:\/\/www.youtube.com\/watch?v=PwvX3EKoOlU<\/a><\/p>\n","protected":false},"excerpt":{"rendered":"<p>Aqu\u00ed les dejo la entrevista que me hicieron en La Radio al Sol, en Radio Ecca Tenerife, tras la presentaci\u00f3n de A trav\u00e9s del espejo. \u00a1Espero que les guste! \ud83d\ude00<\/p>\n","protected":false},"author":1,"featured_media":0,"comment_status":"open","ping_status":"open","sticky":false,"template":"","format":"video","meta":{"footnotes":""},"categories":[3608],"tags":[47,1155,1801,1879,1959,1989,2768],"class_list":["post-11990","post","type-post","status-publish","format-video","hentry","category-literatura","tag-a-traves-del-espejo","tag-entrevista","tag-julio-caballero","tag-la-radio-al-sol","tag-libro","tag-la-ciudad-y-las-letras","tag-radio-ecca-tenerife","post_format-post-format-video"],"_links":{"self":[{"href":"https:\/\/escribocreativo.com\/blog\/wp-json\/wp\/v2\/posts\/11990","targetHints":{"allow":["GET"]}}],"collection":[{"href":"https:\/\/escribocreativo.com\/blog\/wp-json\/wp\/v2\/posts"}],"about":[{"href":"https:\/\/escribocreativo.com\/blog\/wp-json\/wp\/v2\/types\/post"}],"author":[{"embeddable":true,"href":"https:\/\/escribocreativo.com\/blog\/wp-json\/wp\/v2\/users\/1"}],"replies":[{"embeddable":true,"href":"https:\/\/escribocreativo.com\/blog\/wp-json\/wp\/v2\/comments?post=11990"}],"version-history":[{"count":0,"href":"https:\/\/escribocreativo.com\/blog\/wp-json\/wp\/v2\/posts\/11990\/revisions"}],"wp:attachment":[{"href":"https:\/\/escribocreativo.com\/blog\/wp-json\/wp\/v2\/media?parent=11990"}],"wp:term":[{"taxonomy":"category","embeddable":true,"href":"https:\/\/escribocreativo.com\/blog\/wp-json\/wp\/v2\/categories?post=11990"},{"taxonomy":"post_tag","embeddable":true,"href":"https:\/\/escribocreativo.com\/blog\/wp-json\/wp\/v2\/tags?post=11990"}],"curies":[{"name":"wp","href":"https:\/\/api.w.org\/{rel}","templated":true}]}}