{"id":12,"date":"2008-06-12T08:02:04","date_gmt":"2008-06-12T08:02:04","guid":{"rendered":"http:\/\/poesiamas.net\/blog\/?p=12"},"modified":"2015-03-11T13:48:08","modified_gmt":"2015-03-11T13:48:08","slug":"la-jornada-laboral-de-65-horas","status":"publish","type":"post","link":"https:\/\/escribocreativo.com\/blog\/2008\/06\/12\/la-jornada-laboral-de-65-horas\/","title":{"rendered":"La jornada laboral de 65 horas"},"content":{"rendered":"<p><a href=\"http:\/\/picasaweb.google.com\/juliobloom\/Wordpress\/photo#5211015271491114482\"><img loading=\"lazy\" decoding=\"async\" class=\"alignleft\" style=\"border: 1px solid black; margin: 8px; float: left;\" src=\"http:\/\/lh6.ggpht.com\/juliobloom\/SFE-x8BdFfI\/AAAAAAAAAdg\/yMvNKGHh-yo\/s800\/65horas_02.jpg\" alt=\"\" width=\"287\" height=\"195\" \/><\/a>No s\u00e9 qu\u00e9 pueden haberle ofrecido a los sindicatos, o si, por casualidad, ni siquiera han contado con ellos.<\/p>\n<p>O sea que, de alguna forma, quieren darle al empresario lo que ha perdido a cambio de mano de obra. Est\u00e1 interesante la cosa. Las condiciones laborales, conseguidas durante siglos por los trabajadores a costa de vidas, malos tratos y acoso, hechadas a la basura porque el Sarkozy y el Berlusconi, la nueva derecha, pretenden aliviar a sus empresarios de la crisis.<\/p>\n<p>Un comentario acerca de la crisis. Meses antes de declararse, las empresas -farmac\u00e9uticas, petroleras, alimentaci\u00f3n, banca, etc.- hab\u00edan declarado los mayores ingresos de las \u00faltimas d\u00e9cadas. A costa del consumidor, imagino, o les compra el fantasma de Lord Canterville. En dinero fantasma, se entiende. As\u00ed que, como siempre, aprovechar\u00e1n para especular y subir el petr\u00f3leo -auguran hasta 250 d\u00f3lares\/barril, lo que supone que puedan subirlo m\u00e1s ahora con el argumento de que &#8220;subir\u00e1 a\u00fan m\u00e1s&#8221;- y de ah\u00ed derivar\u00e1n quejas del resto de lobbys. Como si lo viera.<\/p>\n<p>El rumor que ha llegado al pueblo es que, desde 2000, una resoluci\u00f3n de un tribunal europeo (desconozco si fue en Luxemburgo, pero algo he o\u00eddo) declaraba ilegal que se considerara las horas de descanso y los turnos vac\u00edos en horario laboral -turnos donde no desempe\u00f1as tu tarea y puedes descansar, como el desayuno o un descanso de media hora al mediod\u00eda- como descanso y que, por tanto, el resto del tiempo se puede trabajar.<\/p>\n<p>A ver si me aclaro. Entonces, seg\u00fan la ley que intenta aprobar la Uni\u00f3n Europea, yo duermo, me levanto, voy a trabajar&#8230; y cuando llegue a casa, como, duermo, me levanto, voy a trabajar&#8230; y as\u00ed hasta 65 horas&#8230;<\/p>\n<p>Bueno, dicen que es negociable con el empresario. \u00bfEso significa que un empresario va a decirme que o trabajo 65 horas o se busca a otro para mi puesto?<\/p>\n<p>Yo propongo: darle azotes a los trabajadores, porque eso revitaliza el flujo sangu\u00edneo y les estimula a trabajar m\u00e1s.<\/p>\n<p>Me pregunto yo si esto de la esclavitud no estaba sancionada por la OMS, la ONU y Amnist\u00eda Internacional, entre otras.<\/p>\n<p>Espero asociaciones, huelgas, manifestaciones, y dem\u00e1s en los pa\u00edses europeos, en TODOS, para demostrar a esos gobernantes que el pueblo decide a sus gobernantes para que preserven las libertades y derechos de todos, y no para que anden haciendo el gilipollas.<\/p>\n<p>Ojal\u00e1 el escepticismo fuera una enfermedad contagiosa.<\/p>\n","protected":false},"excerpt":{"rendered":"<p>No s\u00e9 qu\u00e9 pueden haberle ofrecido a los sindicatos, o si, por casualidad, ni siquiera han contado con ellos. O sea que, de alguna forma, quieren darle al empresario lo que ha perdido a cambio de mano de obra. Est\u00e1 interesante la cosa. Las condiciones laborales, conseguidas durante siglos por los trabajadores a costa de vidas, malos tratos y acoso,[&#8230;]<\/p>\n","protected":false},"author":1,"featured_media":0,"comment_status":"open","ping_status":"open","sticky":false,"template":"","format":"standard","meta":{"footnotes":""},"categories":[10],"tags":[1175,1589,1761,3306,3352],"class_list":["post-12","post","type-post","status-publish","format-standard","hentry","category-la-ciudad-reflexiva","tag-esclavitud","tag-huelga","tag-jornada-laboral","tag-trabajo","tag-ue"],"_links":{"self":[{"href":"https:\/\/escribocreativo.com\/blog\/wp-json\/wp\/v2\/posts\/12","targetHints":{"allow":["GET"]}}],"collection":[{"href":"https:\/\/escribocreativo.com\/blog\/wp-json\/wp\/v2\/posts"}],"about":[{"href":"https:\/\/escribocreativo.com\/blog\/wp-json\/wp\/v2\/types\/post"}],"author":[{"embeddable":true,"href":"https:\/\/escribocreativo.com\/blog\/wp-json\/wp\/v2\/users\/1"}],"replies":[{"embeddable":true,"href":"https:\/\/escribocreativo.com\/blog\/wp-json\/wp\/v2\/comments?post=12"}],"version-history":[{"count":0,"href":"https:\/\/escribocreativo.com\/blog\/wp-json\/wp\/v2\/posts\/12\/revisions"}],"wp:attachment":[{"href":"https:\/\/escribocreativo.com\/blog\/wp-json\/wp\/v2\/media?parent=12"}],"wp:term":[{"taxonomy":"category","embeddable":true,"href":"https:\/\/escribocreativo.com\/blog\/wp-json\/wp\/v2\/categories?post=12"},{"taxonomy":"post_tag","embeddable":true,"href":"https:\/\/escribocreativo.com\/blog\/wp-json\/wp\/v2\/tags?post=12"}],"curies":[{"name":"wp","href":"https:\/\/api.w.org\/{rel}","templated":true}]}}