{"id":12229,"date":"2012-09-21T23:47:27","date_gmt":"2012-09-21T22:47:27","guid":{"rendered":"http:\/\/poesiamas.net\/blog\/?p=12229"},"modified":"2012-09-21T23:47:27","modified_gmt":"2012-09-21T22:47:27","slug":"escalando-la-montana","status":"publish","type":"post","link":"https:\/\/escribocreativo.com\/blog\/2012\/09\/21\/escalando-la-montana\/","title":{"rendered":"Escalando la monta\u00f1a"},"content":{"rendered":"<p style=\"text-align: justify;\">Pas\u00f3 a unos metros, cogida de la mano por una amiga, y entr\u00f3 en el <em>Siete Viejas<\/em>, una tasca que estaba hasta arriba de gente y en la que pedir algo era una tarea casi desagradable. Fue ayer jueves, el d\u00eda de la semana en el que se ha puesto de moda una ruta de tapas y que congrega a miles de personas en la capital.<\/p>\n<p style=\"text-align: justify;\">La reconoc\u00ed al insante. Segu\u00eda igual de delgada, de metro setenta y poco, rubia de ojos de color miel, con un corte de pelo muy moderno que me record\u00f3 al de Emeli Sand\u00e9. Siempre le qued\u00f3 bien el corte masculino, con el pelo muy ondulado, la raya hacia un lado y acabado en tirabuzones, que le hac\u00eda un rostro tan bello como el de la aviadora O&#8217;Conell en <em>Doctor en Alaska<\/em>, \u00bfla recuerdan? Un rostro limpio, una frente despejada, una nariz delgada y de punta respingona, los labios amplios y delgados que formaban dos agujeritos a los lados cuando se sonre\u00eda, que era casi siempre.<\/p>\n<p style=\"text-align: justify;\">La conoc\u00ed un 31 de diciembre: \u00a1como para no recordarlo! Le encantaba Gustav Klimt y nos pas\u00e1bamos algunas tardes opinando, recostados en su <em>chaise longue<\/em>, sobre las l\u00e1minas que tra\u00eda el libro que guardaba como un tesoro en su librer\u00eda. Dejaba mi bicicleta en la entrada de su casa y ella me esperaba en lo alto de las escaleras de un piso moderno; ten\u00eda un gusto muy vanguardista para la decoraci\u00f3n y segu\u00eda las tendencias. Le gustaba llevar las blusas holgadas, cayendo al hombro, porque ten\u00eda unos hombros y un cuello preciosos, siempre bronceados, y como era afortunada los pantalones vaqueros de pitillo le sentaban como un guante en unas piernas bien torneadas y que, paseando juntos por la avenida mar\u00edtima, le hac\u00eda ganar apuestas sobre si este o aquel chaval se girar\u00eda a mirarla. Unas cuantas Coca Colas se gan\u00f3 a mi costa. Me gustaba dejar que ganara; me gustaba verla feliz y ella era c\u00f3mplice. Nos re\u00edamos.<\/p>\n<p style=\"text-align: justify;\">Una tarde de primavera fui su h\u00e9roe. Llev\u00e1bamos unas semanas teniendo citas todos los domingos. El resto de la semana, desaparecidos en combate. Al cruzar un paso de peatones, la detuve instintivamente con mi brazo para luego cogerla de la cintura y subirla a la acera. A los pocos segundos cruz\u00f3 un coche a toda velocidad. Me pareci\u00f3 de lo m\u00e1s natural. Pero ella, que ya no ve\u00eda por su ojo izquierdo, me abraz\u00f3 y me dijo que le hab\u00eda salvado la vida. En efecto, no lo vio, pero tampoco vio que el sem\u00e1foro estaba en \u00e1mbar y podr\u00eda pasar alg\u00fan coche todav\u00eda. Me sonre\u00ed y le hice entender que eso solo sucede en las pel\u00edculas y que le hab\u00eda avisado que no caminara tan r\u00e1pido en los cruces. Para quitarle hierro al asunto, porque me parec\u00eda una tonter\u00eda, recuerdo que empec\u00e9 a enumerar: &#8220;entonces, soy atractivo, sexy, interesante, y encima un h\u00e9roe, \u00bfno crees que ya es abusar?&#8221;. Suficiente; con su tono ir\u00f3nico y su paso \u00e1gil:<\/p>\n<p style=\"text-align: justify;\">-\u00bfAhora te voy a tener que aguantar haci\u00e9ndote el chulito?<\/p>\n<p style=\"text-align: justify;\">No recuerdo qu\u00e9 pas\u00f3 despu\u00e9s, pero apostar\u00eda que continuamos con la broma hasta llegar a su casa.<\/p>\n<p style=\"text-align: justify;\"><!--more--><\/p>\n<p style=\"text-align: justify;\">Pero no era solo el ojo. Muchos \u00f3rganos de su cuerpo estaban afectados por una variedad de enfermedad autoinmune y requer\u00eda cuidados. Batallaba contra su cuerpo y hab\u00eda \u00e9pocas, seg\u00fan me cont\u00f3, en que bajaba muchos kilos y luego los recuperaba con mucha paciencia. Era impactante escucharla sobre los informes y cuidados que le dec\u00edan los m\u00e9dicos. Y daba perplejidad ver a una mujer con may\u00fasculas con ese aspecto exterior de vitalidad y su drama interior.<\/p>\n<p style=\"text-align: justify;\">Los meses pasaron y por razones que solo saben los amantes dejamos de vernos. Bastantes meses despu\u00e9s volvimos a vernos; nos dimos un abrazo, charlamos y continuamos nuestro camino. Siempre admir\u00e9 sus valores y el coraz\u00f3n tan grande que ten\u00eda. Es de las personas que m\u00e1s me he llegado a preocupar en mi vida. Era muy ir\u00f3nica y en esas batallas nos divert\u00edamos a la vez que nos comunic\u00e1bamos; sab\u00eda escuchar e interesarse por tu vida y tus gustos, y adem\u00e1s ten\u00eda esa inteligencia que sabe reconocer las cosas con muy pocas pistas. Sin embargo, lo que ten\u00edamos no estaba basado en la l\u00e1stima o un sentimiento negativo de fondo, sino en pura y simple qu\u00edmica: nos gust\u00e1bamos, no hab\u00eda m\u00e1s.<\/p>\n<p style=\"text-align: justify;\">Vi de nuevo a la amiga volviendo del ba\u00f1o con ella, gui\u00e1ndola. Probablemente ver\u00eda bien de cerca, pero no es improbable pensar que la afecci\u00f3n del ojo derecho -del que hab\u00eda perdido un porcentaje de visi\u00f3n no muy grande- le hubiera aumentado y entre la multitud que se agolpa los jueves por la noche es bastante f\u00e1cil que se pierda o la puedan empujar o golpear. La vi a continuaci\u00f3n charlando con las amigas. Llevaba una de esas blusas blancas que dejan al descubierto un hombro y una minifalda a juego. Siempre tuvo unos pechos de calendario y realmente estaba imponente. Es apenas tres o cuatro a\u00f1os menor que yo: debe rondar ya los 35. Pero s\u00ed estaba demasiado delgada incluso para su constituci\u00f3n habitual. Me dio el p\u00e1lpito de que quiz\u00e1s estaba en uno de esos momentos agudos.<\/p>\n<p style=\"text-align: justify;\">Tuve el impulso, que contuve, de saludarla, darle un abrazo y preguntarle c\u00f3mo estaba. Pero ya nos hab\u00edamos cruzado alguna vez y su mirada y sus gestos no eran nada agradables conmigo, a pesar del paso de los a\u00f1os. Los a\u00f1os curan pero a veces no se quiere perdonar por alg\u00fan motivo y me parece justo; lo respeto. Luego medit\u00e9 si hablarle a una amiga que estuviera aparte y preguntarle por c\u00f3mo estaba. Me gustar\u00eda que estuviera bien y que estuviera pasando por un momento bueno de salud, que se hubiera detenido el proceso o ralentizado mucho; no es improbable que yo estuviera equivocado y que estuviera, simplemente, un poco m\u00e1s delgada por cualquier otra circunstancia. Durante unos segundos me angusti\u00e9 pensando en su salud, porque adem\u00e1s tuve la fortuna de que cuando estuvimos juntos ella estuvo en una buena \u00e9poca, incluso tiempo despu\u00e9s de dejarlo.<\/p>\n<p style=\"text-align: justify;\">Como es una t\u00eda grande, con una fortaleza interior poderosa, y aquellos minutos de dudas se los llev\u00f3 la noche, a la que me entregu\u00e9 m\u00e1s tarde, me pareci\u00f3 que podr\u00eda escribirle algo en el blog. Un homenaje an\u00f3nimo, si se quiere llamar as\u00ed. Y relacionando pensamientos con la cantante Emeli Sand\u00e9, a la que he descubierto hace poco, he encontrado una canci\u00f3n de su \u00e1lbum que puede significar no tanto aquella relaci\u00f3n, de la que me guardo todo lo bueno que nos dejamos, sino mi fuerza, mi energ\u00eda positiva, mi pensamiento de amor y cari\u00f1o hacia una mujer que se lo merece. Para ella, va, pues, esta canci\u00f3n, y este homenaje an\u00f3nimo de este momento m\u00edo vital de plenitud, felicidad, autoestima, de fortaleza, de confianza en m\u00ed mismo que trato de llevarle a ella a trav\u00e9s de esta canci\u00f3n. Subiendo la monta\u00f1a desde la otra cara, empuj\u00e1ndola como un viento que la ayude a escalar. Y un beso dulce y compa\u00f1ero. Espero de coraz\u00f3n que est\u00e9s bien y que en el futuro est\u00e9s mucho mejor, luchadora bella.<\/p>\n<p style=\"text-align: justify;\"><iframe loading=\"lazy\" title=\"Emeli Sand\u00e9 - Mountains (Subt\u00edtulos espa\u00f1ol)\" width=\"602\" height=\"339\" src=\"https:\/\/www.youtube.com\/embed\/u5CkaNaGN5g?feature=oembed\" frameborder=\"0\" allow=\"accelerometer; autoplay; clipboard-write; encrypted-media; gyroscope; picture-in-picture; web-share\" referrerpolicy=\"strict-origin-when-cross-origin\" allowfullscreen><\/iframe><\/p>\n<p style=\"text-align: justify; padding-left: 30px;\"><span style=\"font-size: x-small;\">He said I&#8217;m going to have a bed with lots of pillows And that we&#8217;re going to build a house with lots of windows And when we have the kids we&#8217;ll tell them to remind we Of where we were and how so we never get lazy<\/span><\/p>\n<p style=\"text-align: justify; padding-left: 30px;\"><span style=\"font-size: x-small;\"><em>Yeah we&#8217;ll climb mountains Climb mountains together Yeah we&#8217;ll climb mountains Climb mountains together<\/em><\/span><\/p>\n<p style=\"text-align: justify; padding-left: 30px;\"><span style=\"font-size: x-small;\">I&#8217;d never work these hours if I didn&#8217;t love you My hands are always red and sunshine I sleep through If you say we&#8217;re going to move somewhere with neighbours less crazy You know I&#8217;m going to be there, because I trust my baby<\/span><\/p>\n<p style=\"text-align: justify; padding-left: 30px;\"><span style=\"font-size: x-small;\"><em>Yeah we&#8217;ll climb mountains Climb mountains together Yeah we&#8217;ll climb mountains Climb mountains together<\/em> <\/span><\/p>\n<p style=\"text-align: justify; padding-left: 30px;\"><span style=\"font-size: x-small;\">I keep my fingers crossed that we&#8217;re going to be able I touch the wood for luck, on our broken table I know that it&#8217;s our heart that&#8217;s going to save us If we never come back how can they blame us?<\/span><\/p>\n<p style=\"text-align: justify; padding-left: 30px;\"><span style=\"font-size: x-small;\"><em>Yeah we&#8217;ll climb mountains Climb mountains together Yeah we&#8217;ll climb mountains Climb mountains together<\/em><\/span><br \/>\n<span style=\"font-size: x-small;\"><em> Yeah we&#8217;ll climb mountains Climb mountains together Yeah we&#8217;ll climb mountains Climb mountains together<\/em><\/span><\/p>\n","protected":false},"excerpt":{"rendered":"<p>Pas\u00f3 a unos metros, cogida de la mano por una amiga, y entr\u00f3 en el Siete Viejas, una tasca que estaba hasta arriba de gente y en la que pedir algo era una tarea casi desagradable. Fue ayer jueves, el d\u00eda de la semana en el que se ha puesto de moda una ruta de tapas y que congrega a[&#8230;]<\/p>\n","protected":false},"author":1,"featured_media":0,"comment_status":"open","ping_status":"open","sticky":false,"template":"","format":"standard","meta":{"footnotes":""},"categories":[10],"tags":[157,1113,1139,1144,1349,1567,2245,2258],"class_list":["post-12229","post","type-post","status-publish","format-standard","hentry","category-la-ciudad-reflexiva","tag-amor","tag-emeli-sande","tag-energia","tag-enfermedad","tag-fortaleza","tag-homenaje","tag-montana","tag-mountains"],"_links":{"self":[{"href":"https:\/\/escribocreativo.com\/blog\/wp-json\/wp\/v2\/posts\/12229","targetHints":{"allow":["GET"]}}],"collection":[{"href":"https:\/\/escribocreativo.com\/blog\/wp-json\/wp\/v2\/posts"}],"about":[{"href":"https:\/\/escribocreativo.com\/blog\/wp-json\/wp\/v2\/types\/post"}],"author":[{"embeddable":true,"href":"https:\/\/escribocreativo.com\/blog\/wp-json\/wp\/v2\/users\/1"}],"replies":[{"embeddable":true,"href":"https:\/\/escribocreativo.com\/blog\/wp-json\/wp\/v2\/comments?post=12229"}],"version-history":[{"count":0,"href":"https:\/\/escribocreativo.com\/blog\/wp-json\/wp\/v2\/posts\/12229\/revisions"}],"wp:attachment":[{"href":"https:\/\/escribocreativo.com\/blog\/wp-json\/wp\/v2\/media?parent=12229"}],"wp:term":[{"taxonomy":"category","embeddable":true,"href":"https:\/\/escribocreativo.com\/blog\/wp-json\/wp\/v2\/categories?post=12229"},{"taxonomy":"post_tag","embeddable":true,"href":"https:\/\/escribocreativo.com\/blog\/wp-json\/wp\/v2\/tags?post=12229"}],"curies":[{"name":"wp","href":"https:\/\/api.w.org\/{rel}","templated":true}]}}