{"id":13,"date":"2008-06-12T09:16:13","date_gmt":"2008-06-12T16:16:13","guid":{"rendered":"http:\/\/poesiamas.net\/blog\/?p=13"},"modified":"2008-06-12T09:16:13","modified_gmt":"2008-06-12T16:16:13","slug":"sgae","status":"publish","type":"post","link":"https:\/\/escribocreativo.com\/blog\/2008\/06\/12\/sgae\/","title":{"rendered":"SGAE"},"content":{"rendered":"<p style=\"text-align: justify;\">Me dec\u00eda un compositor de reconocido prestigio en las islas que los de la SGAE eran una emporio que nada ten\u00eda que envidiar a Inditex o El Corte Ingl\u00e9s.<\/p>\n<p style=\"text-align: justify;\">A \u00e9l, que seg\u00fan ellos, le vigilan que nadie le deje de pagar sus derechos de autor, le cobran por gastos administrativos. Entonces \u00e9l replic\u00f3, en una carta, que si ellos vigilan sus derechos porqu\u00e9 le cobran por tr\u00e1mites administrativos. Que lo que \u00e9l quiere es que vigilen sus derechos de autor pero sin tener que pagar por esa vigilancia, que le parec\u00eda un absurdo.<\/p>\n<p style=\"text-align: justify;\">La respuesta que le dieron fue: es que la SGAE funciona as\u00ed. Y vigilar esos derechos genera un tr\u00e1mite. Encima <a href=\"http:\/\/www.elpais.com\/articulo\/internet\/SGAE\/pone\/cuerdas\/blogger\/elpeputec\/20080612elpepunet_4\/Tes\" target=\"_blank\">han demandado a un blogger<\/a> por injurias. Y la fiscal\u00eda la apoya: dice que un blogger es responsable de los comentarios que se publican en su blog, puesto que los puede administrar. En fin, yo he puesto que no soy responsable -salvo que encuentre la forma de conectarme telep\u00e1ticamente con el blog-, pero esperaremos a ver qu\u00e9 dice la sentencia. De todas formas, es recurrible. El problema de estas entidades es que quieren acaparar derechos, como un monstruoso tanque con cadenas, y arrasar el bosque de la libertad de expresi\u00f3n, de forma que la puedan tutelar ellos. Veremos qu\u00e9 sucede.<\/p>\n<p style=\"text-align: justify;\">No entiendo -quiero decir, tan de &#8220;progre&#8221; que van los socialistas- c\u00f3mo los socialistas apoya el canon digital. Yo no les voy a votar porque lo diga Miguel Bos\u00e9 o Almod\u00f3var, ni Javier Mar\u00edas o quien fuera. Y lo mismo con la derecha.<\/p>\n<p style=\"text-align: justify;\">Cada vez estoy m\u00e1s convencido de que necesitamos un mayo del 68. Carecemos de iniciativa. Todo es un mar de calma, donde la informaci\u00f3n viaja y es tamizada seg\u00fan interese. Qu\u00e9 mundo m\u00e1s triste. Vamos a cambiarlo.<\/p>\n","protected":false},"excerpt":{"rendered":"<p>Me dec\u00eda un compositor de reconocido prestigio en las islas que los de la SGAE eran una emporio que nada ten\u00eda que envidiar a Inditex o El Corte Ingl\u00e9s. A \u00e9l, que seg\u00fan ellos, le vigilan que nadie le deje de pagar sus derechos de autor, le cobran por gastos administrativos. Entonces \u00e9l replic\u00f3, en una carta, que si ellos[&#8230;]<\/p>\n","protected":false},"author":1,"featured_media":0,"comment_status":"open","ping_status":"open","sticky":false,"template":"","format":"standard","meta":{"footnotes":""},"categories":[3],"tags":[860,1251,3041,3544],"class_list":["post-13","post","type-post","status-publish","format-standard","hentry","category-web-20","tag-demanda","tag-exgae","tag-sgae","tag-zapatero"],"_links":{"self":[{"href":"https:\/\/escribocreativo.com\/blog\/wp-json\/wp\/v2\/posts\/13","targetHints":{"allow":["GET"]}}],"collection":[{"href":"https:\/\/escribocreativo.com\/blog\/wp-json\/wp\/v2\/posts"}],"about":[{"href":"https:\/\/escribocreativo.com\/blog\/wp-json\/wp\/v2\/types\/post"}],"author":[{"embeddable":true,"href":"https:\/\/escribocreativo.com\/blog\/wp-json\/wp\/v2\/users\/1"}],"replies":[{"embeddable":true,"href":"https:\/\/escribocreativo.com\/blog\/wp-json\/wp\/v2\/comments?post=13"}],"version-history":[{"count":0,"href":"https:\/\/escribocreativo.com\/blog\/wp-json\/wp\/v2\/posts\/13\/revisions"}],"wp:attachment":[{"href":"https:\/\/escribocreativo.com\/blog\/wp-json\/wp\/v2\/media?parent=13"}],"wp:term":[{"taxonomy":"category","embeddable":true,"href":"https:\/\/escribocreativo.com\/blog\/wp-json\/wp\/v2\/categories?post=13"},{"taxonomy":"post_tag","embeddable":true,"href":"https:\/\/escribocreativo.com\/blog\/wp-json\/wp\/v2\/tags?post=13"}],"curies":[{"name":"wp","href":"https:\/\/api.w.org\/{rel}","templated":true}]}}