{"id":145,"date":"2008-08-31T10:26:33","date_gmt":"2008-08-31T17:26:33","guid":{"rendered":"http:\/\/poesiamas.net\/blog\/?p=145"},"modified":"2015-03-14T00:51:27","modified_gmt":"2015-03-14T00:51:27","slug":"irene-nemirovsky-y-suite-francesa","status":"publish","type":"post","link":"https:\/\/escribocreativo.com\/blog\/2008\/08\/31\/irene-nemirovsky-y-suite-francesa\/","title":{"rendered":"Ir\u00e8ne N\u00e9mirovsky y Suite Francesa"},"content":{"rendered":"<p><a href=\"https:\/\/escribocreativo.com\/blog\/wp-content\/uploads\/2008\/09\/suitefrancesa.jpg\"><img loading=\"lazy\" decoding=\"async\" class=\"alignleft size-full wp-image-192\" style=\"margin: 5px;\" title=\"suitefrancesa\" src=\"https:\/\/escribocreativo.com\/blog\/wp-content\/uploads\/2008\/09\/suitefrancesa.jpg\" alt=\"\" width=\"261\" height=\"400\" \/><\/a><\/p>\n<p><em>Suite Francesa<\/em> comienza con los alemanes bombardeando Par\u00eds y no dejan de aparecer sonidos, movimientos, mientras Ir\u00e8ne sigue describi\u00e9ndonos los hechos que acaecieron durante el ataque y las vidas de varios de sus habitantes.<\/p>\n<p>Era jud\u00eda y conoc\u00eda perfectamente la burgues\u00eda jud\u00eda en la que se hallaba. Fue una apasionada de la escritura y este hermoso libro atestigua que fue una escritora excepcional. Es posible que la novela haga dudar entre si es una gran escritora o una escritora que escribe muy bien. En su novela no hay patetismo, ni personajes maniqueos, ni sensibler\u00eda. Est\u00e1 todo contado con inteligencia y agudeza psicol\u00f3gica. Su prosa es ajustada, bella, con unas descripciones preciosas sin ser excesivamente l\u00edricas. Posee, adem\u00e1s, un tono cr\u00edtico, y en general deja la impresi\u00f3n de ser m\u00e1s una pel\u00edcula de cine que una novela. En resumen, una gran historia contada por una escritora con un talento incre\u00edble.<\/p>\n<p>Ir\u00e8ne N\u00e9mirovsky muri\u00f3 en 1942 en el campo de concentraci\u00f3n en el que fue internada. Pero lo mejor es que ha pervivido su talento; hoy no sabr\u00edamos hasta d\u00f3nde hubiera llegado: \u00bfquiz\u00e1s a rivalizar con Jane Austen o Virginia Woolf?. H\u00e9chale un vistazo. Querr\u00e1s leer m\u00e1s de ella.<\/p>\n<p><!--adsense--><\/p>\n","protected":false},"excerpt":{"rendered":"<p>Suite Francesa comienza con los alemanes bombardeando Par\u00eds y no dejan de aparecer sonidos, movimientos, mientras Ir\u00e8ne sigue describi\u00e9ndonos los hechos que acaecieron durante el ataque y las vidas de varios de sus habitantes. Era jud\u00eda y conoc\u00eda perfectamente la burgues\u00eda jud\u00eda en la que se hallaba. Fue una apasionada de la escritura y este hermoso libro atestigua que fue[&#8230;]<\/p>\n","protected":false},"author":1,"featured_media":0,"comment_status":"open","ping_status":"open","sticky":false,"template":"","format":"standard","meta":{"footnotes":""},"categories":[3608],"tags":[781,1692,1989,2306,2374,2842,2944,3143],"class_list":["post-145","post","type-post","status-publish","format-standard","hentry","category-literatura","tag-critica","tag-irene-nemirovsky","tag-la-ciudad-y-las-letras","tag-narrativa","tag-novela","tag-resena","tag-salamandra","tag-suite-francesa"],"_links":{"self":[{"href":"https:\/\/escribocreativo.com\/blog\/wp-json\/wp\/v2\/posts\/145","targetHints":{"allow":["GET"]}}],"collection":[{"href":"https:\/\/escribocreativo.com\/blog\/wp-json\/wp\/v2\/posts"}],"about":[{"href":"https:\/\/escribocreativo.com\/blog\/wp-json\/wp\/v2\/types\/post"}],"author":[{"embeddable":true,"href":"https:\/\/escribocreativo.com\/blog\/wp-json\/wp\/v2\/users\/1"}],"replies":[{"embeddable":true,"href":"https:\/\/escribocreativo.com\/blog\/wp-json\/wp\/v2\/comments?post=145"}],"version-history":[{"count":0,"href":"https:\/\/escribocreativo.com\/blog\/wp-json\/wp\/v2\/posts\/145\/revisions"}],"wp:attachment":[{"href":"https:\/\/escribocreativo.com\/blog\/wp-json\/wp\/v2\/media?parent=145"}],"wp:term":[{"taxonomy":"category","embeddable":true,"href":"https:\/\/escribocreativo.com\/blog\/wp-json\/wp\/v2\/categories?post=145"},{"taxonomy":"post_tag","embeddable":true,"href":"https:\/\/escribocreativo.com\/blog\/wp-json\/wp\/v2\/tags?post=145"}],"curies":[{"name":"wp","href":"https:\/\/api.w.org\/{rel}","templated":true}]}}