{"id":158,"date":"2008-08-31T18:40:25","date_gmt":"2008-09-01T01:40:25","guid":{"rendered":"http:\/\/poesiamas.net\/blog\/?p=158"},"modified":"2015-03-11T13:55:41","modified_gmt":"2015-03-11T13:55:41","slug":"batman-el-caballero-oscuro-o-distrito-apache","status":"publish","type":"post","link":"https:\/\/escribocreativo.com\/blog\/2008\/08\/31\/batman-el-caballero-oscuro-o-distrito-apache\/","title":{"rendered":"Batman, el caballero oscuro, o Distrito Apache"},"content":{"rendered":"<p><a href=\"https:\/\/escribocreativo.com\/blog\/wp-content\/uploads\/2008\/09\/poster-batman-the-dark-knight.jpg\"><img loading=\"lazy\" decoding=\"async\" class=\"aligncenter size-medium wp-image-186\" title=\"poster-batman-the-dark-knight\" src=\"https:\/\/escribocreativo.com\/blog\/wp-content\/uploads\/2008\/09\/poster-batman-the-dark-knight-202x300.jpg\" alt=\"\" width=\"202\" height=\"300\" \/><\/a><\/p>\n<p>Sabiendo que no tienen nada en com\u00fan, he escrito lo de Distrito Apache por tres razones:<\/p>\n<ol>\n<li>Batman es un thriller polic\u00edaco con un personaje que es superh\u00e9roe.<\/li>\n<li>Me encanta Paul Newman<\/li>\n<li>Fue la primera pel\u00edcula de polic\u00edas que me vino a la mente (y hay muchas buen\u00edsimas, unas cuantas del talentoso Clint Eastwood).<\/li>\n<\/ol>\n<p>\u00bfQu\u00e9 sucedi\u00f3 en el cine? Que me qued\u00e9 traspuesto. No dormido, ni siquiera somnoliento. Tan solo sent\u00ed que llevaba demasiado tiempo pegado al asiento. Y eso que me hab\u00eda surtido de un enorme refresco. El asunto es que, definitivamente, le sobra metraje a la cinta. Este pensamiento me ha venido, de nuevo, a una semana de haberla visto. Quiz\u00e1s la excesiva lluvia de cr\u00edticas positivas me hab\u00eda preparado mentalmente para otra cosa.<\/p>\n<p><!--more--><\/p>\n<p>Me sorprende que muchas cr\u00edticas aborden la pel\u00edcula desde la perspectiva de que la cinta, para ser del g\u00e9nero que es, tenga una gran calidad cinematogr\u00e1fica. Y bueno, no es John Ford tampoco. Lo cierto es que el cine es bueno o malo, da igual si es de superh\u00e9roes o una comedia negra. Lo importante es que la cinta traspase el foso y llegue a las butacas. Y lo consigue.<\/p>\n<p>Lo consigue porque se ha adaptado a una realidad y se ha alejado del Batman del Gotham cl\u00e1sico. La primera escena es reveladora: podr\u00eda suceder en una pel\u00edcula de Lumet. Y el desarrollo de la trama, con cont\u00ednuas trampas, acertijos, adivinanzas, hace que el espectador est\u00e9 pendiente de la siguente escena.<\/p>\n<p>Por si esto no fuera suficiente para una pel\u00edcula de superh\u00e9roes -por continuar con la frasecita de marras-, Batman cobra una dimensi\u00f3n nueva. Un h\u00e9roe atormentado con su funci\u00f3n, con el sentido de su &#8220;trabajo&#8221;. Y un malo muy malo, un malo impredecible, al que se le ha dado el honor de ser el v\u00e9rtice sobre el que gira toda la cinta. Bien habr\u00eda podido subtitularse, en vez de El caballero oscuro: Joker.<\/p>\n<p>\u00c9l le confiere lo que es y lo que ser\u00e1; Joker navega como un Yago sobre todos los dem\u00e1s, haciendo y deshaciendo. Se convierte as\u00ed la cinta en una pel\u00edcula con nervio, sin riesgos extraordinarios pero valiente, tomando posiciones poco comunes en un g\u00e9nero que busca la diversi\u00f3n f\u00e1cil y agradar al fan.<\/p>\n<p>Para m\u00ed, sin embargo, posee di\u00e1logos demasiado largos en algunos instantes, como si el director quisiera rizar el rizo y decir: s\u00ed, no es cine de autor, pero lo voy a llevar al l\u00edmite. Estoy seguro que una segunda revisi\u00f3n de la pel\u00edcula la har\u00e1 m\u00e1s amable a mis ojos. Lo que queda claro es que ya es un referente para el g\u00e9nero de superh\u00e9roes. No va a ser f\u00e1cil que el p\u00fablico acepte cualquier bodrio como hasta ahora.<\/p>\n<p>Dos \u00faltimas cuestiones: primera, me puede explicar alguien qu\u00e9 hace un pedazo de actor como Michael Caine en esta cinta, porque todos tenemos que comer, y la pel\u00edcula est\u00e1 lograda, pero&#8230; \u00bfque se aburre de hacer cine o qu\u00e9? Y dos, me pregunto si a Gary Oldman le han dado Valium en las dos \u00faltimas entregas del superh\u00e9roe alado porque est\u00e1 tan poco &#8220;excitado&#8221; que casi no le reconozco. Otro pedazo de actor, pero \u00e9ste s\u00ed que cumple una funci\u00f3n m\u00e1s evidente en la cinta como secundario.<br \/>\n<!--adsense--><\/p>\n","protected":false},"excerpt":{"rendered":"<p>Sabiendo que no tienen nada en com\u00fan, he escrito lo de Distrito Apache por tres razones: Batman es un thriller polic\u00edaco con un personaje que es superh\u00e9roe. Me encanta Paul Newman Fue la primera pel\u00edcula de polic\u00edas que me vino a la mente (y hay muchas buen\u00edsimas, unas cuantas del talentoso Clint Eastwood). \u00bfQu\u00e9 sucedi\u00f3 en el cine? Que me[&#8230;]<\/p>\n","protected":false},"author":1,"featured_media":0,"comment_status":"open","ping_status":"open","sticky":false,"template":"","format":"standard","meta":{"footnotes":""},"categories":[10],"tags":[276,298,440,602,781,1040,1315,1928,2358,2535,2842],"class_list":["post-158","post","type-post","status-publish","format-standard","hentry","category-la-ciudad-reflexiva","tag-bale","tag-batman","tag-caine","tag-cine","tag-critica","tag-el-caballero-negro","tag-film","tag-ledger","tag-nolan","tag-pelicula","tag-resena"],"_links":{"self":[{"href":"https:\/\/escribocreativo.com\/blog\/wp-json\/wp\/v2\/posts\/158","targetHints":{"allow":["GET"]}}],"collection":[{"href":"https:\/\/escribocreativo.com\/blog\/wp-json\/wp\/v2\/posts"}],"about":[{"href":"https:\/\/escribocreativo.com\/blog\/wp-json\/wp\/v2\/types\/post"}],"author":[{"embeddable":true,"href":"https:\/\/escribocreativo.com\/blog\/wp-json\/wp\/v2\/users\/1"}],"replies":[{"embeddable":true,"href":"https:\/\/escribocreativo.com\/blog\/wp-json\/wp\/v2\/comments?post=158"}],"version-history":[{"count":0,"href":"https:\/\/escribocreativo.com\/blog\/wp-json\/wp\/v2\/posts\/158\/revisions"}],"wp:attachment":[{"href":"https:\/\/escribocreativo.com\/blog\/wp-json\/wp\/v2\/media?parent=158"}],"wp:term":[{"taxonomy":"category","embeddable":true,"href":"https:\/\/escribocreativo.com\/blog\/wp-json\/wp\/v2\/categories?post=158"},{"taxonomy":"post_tag","embeddable":true,"href":"https:\/\/escribocreativo.com\/blog\/wp-json\/wp\/v2\/tags?post=158"}],"curies":[{"name":"wp","href":"https:\/\/api.w.org\/{rel}","templated":true}]}}