{"id":16890,"date":"2013-01-28T15:38:41","date_gmt":"2013-01-28T15:38:41","guid":{"rendered":"http:\/\/poesiamas.net\/blog\/?p=16890"},"modified":"2015-03-14T00:50:57","modified_gmt":"2015-03-14T00:50:57","slug":"la-nostalgia-recobrada","status":"publish","type":"post","link":"https:\/\/escribocreativo.com\/blog\/2013\/01\/28\/la-nostalgia-recobrada\/","title":{"rendered":"La nostalgia recobrada"},"content":{"rendered":"<p style=\"text-align: justify;\"><a href=\"https:\/\/escribocreativo.com\/blog\/wp-content\/uploads\/2013\/01\/muertevenecia.jpg\"><img loading=\"lazy\" decoding=\"async\" class=\"alignleft size-full wp-image-16891\" alt=\"muertevenecia\" src=\"https:\/\/escribocreativo.com\/blog\/wp-content\/uploads\/2013\/01\/muertevenecia.jpg\" width=\"184\" height=\"274\" \/><\/a>Ya s\u00e9 que es un t\u00f3pico literario, que los <a title=\"En la barca del pseudoerudito est\u00e1 el rey Lear\" href=\"https:\/\/escribocreativo.com\/blog\/2013\/01\/en-la-barca-del-pseudoerudito-esta-el-rey-lear\/\">pseudoeruditos<\/a> hablar\u00edan de Marcel Proust y la magdalena. Me refiero m\u00e1s bien a pasear, como\u00a0Gustav von Aschenbach por Venecia, con aquellos olores nauseabundos y el fondo tr\u00e1gico del personaje. Pero nosotros, que somos a veces personajes en el escenario de la vida, tambi\u00e9n recorremos espacios m\u00e1s o menos f\u00e9tidos que fueron reflejo de momentos emocionantes.<\/p>\n<p style=\"text-align: justify;\">A m\u00ed me sucedi\u00f3 hace unas semanas, paseando por un extenso c\u00e9sped de la capital. A mi mente le asalt\u00f3 la nostalgia de los olores y los colores, las risas y la incertidumbre. Y le gust\u00f3 recrearlo como un suceso feliz, con un matiz de \u00a0nost\u00e1lgica y dichosa pertenencia.<\/p>\n<p style=\"text-align: justify;\">Entonces pens\u00e9 en por qu\u00e9 los escritores hablan de su pasado y llegu\u00e9 al convencimiento de que son incapaces de hablar de otra cosa que no fuera lo ya sucedido. Ah\u00ed nos llevan ventajas los poetas: ellos hablan de lo que est\u00e1 por llegar porque est\u00e1n arrebatados. Un novelista arrebatado jam\u00e1s podr\u00eda escribir una buena novela.<\/p>\n<p style=\"text-align: center;\">[email_link]\n","protected":false},"excerpt":{"rendered":"<p>Ya s\u00e9 que es un t\u00f3pico literario, que los pseudoeruditos hablar\u00edan de Marcel Proust y la magdalena. Me refiero m\u00e1s bien a pasear, como\u00a0Gustav von Aschenbach por Venecia, con aquellos olores nauseabundos y el fondo tr\u00e1gico del personaje. Pero nosotros, que somos a veces personajes en el escenario de la vida, tambi\u00e9n recorremos espacios m\u00e1s o menos f\u00e9tidos que fueron[&#8230;]<\/p>\n","protected":false},"author":1,"featured_media":0,"comment_status":"open","ping_status":"open","sticky":false,"template":"","format":"standard","meta":{"footnotes":""},"categories":[3608],"tags":[1496,1959,1989,2065,2110,2374,2811,3264],"class_list":["post-16890","post","type-post","status-publish","format-standard","hentry","category-literatura","tag-gustav-von-aschenbach","tag-libro","tag-la-ciudad-y-las-letras","tag-magdalenas","tag-marcel-proust","tag-novela","tag-reflexion","tag-thomas-mann"],"_links":{"self":[{"href":"https:\/\/escribocreativo.com\/blog\/wp-json\/wp\/v2\/posts\/16890","targetHints":{"allow":["GET"]}}],"collection":[{"href":"https:\/\/escribocreativo.com\/blog\/wp-json\/wp\/v2\/posts"}],"about":[{"href":"https:\/\/escribocreativo.com\/blog\/wp-json\/wp\/v2\/types\/post"}],"author":[{"embeddable":true,"href":"https:\/\/escribocreativo.com\/blog\/wp-json\/wp\/v2\/users\/1"}],"replies":[{"embeddable":true,"href":"https:\/\/escribocreativo.com\/blog\/wp-json\/wp\/v2\/comments?post=16890"}],"version-history":[{"count":0,"href":"https:\/\/escribocreativo.com\/blog\/wp-json\/wp\/v2\/posts\/16890\/revisions"}],"wp:attachment":[{"href":"https:\/\/escribocreativo.com\/blog\/wp-json\/wp\/v2\/media?parent=16890"}],"wp:term":[{"taxonomy":"category","embeddable":true,"href":"https:\/\/escribocreativo.com\/blog\/wp-json\/wp\/v2\/categories?post=16890"},{"taxonomy":"post_tag","embeddable":true,"href":"https:\/\/escribocreativo.com\/blog\/wp-json\/wp\/v2\/tags?post=16890"}],"curies":[{"name":"wp","href":"https:\/\/api.w.org\/{rel}","templated":true}]}}