{"id":16967,"date":"2013-02-11T14:17:31","date_gmt":"2013-02-11T14:17:31","guid":{"rendered":"http:\/\/poesiamas.net\/blog\/?p=16967"},"modified":"2015-03-14T00:50:57","modified_gmt":"2015-03-14T00:50:57","slug":"el-arte-a-traves-de-mi","status":"publish","type":"post","link":"https:\/\/escribocreativo.com\/blog\/2013\/02\/11\/el-arte-a-traves-de-mi\/","title":{"rendered":"El arte a trav\u00e9s de m\u00ed"},"content":{"rendered":"<div id=\"attachment_16968\" style=\"width: 504px\" class=\"wp-caption aligncenter\"><a href=\"https:\/\/escribocreativo.com\/blog\/wp-content\/uploads\/2013\/02\/la-doncella-y-la-muerte-munch23.jpg\"><img loading=\"lazy\" decoding=\"async\" aria-describedby=\"caption-attachment-16968\" class=\"size-full wp-image-16968 \" alt=\"la-doncella-y-la-muerte-munch23\" src=\"https:\/\/escribocreativo.com\/blog\/wp-content\/uploads\/2013\/02\/la-doncella-y-la-muerte-munch23.jpg\" width=\"494\" height=\"671\" \/><\/a><p id=\"caption-attachment-16968\" class=\"wp-caption-text\">La muerte y la doncella &#8211; Munch<\/p><\/div>\n<p style=\"text-align: center;\">\n<blockquote><p>Si un conjunto de \u00e1rboles, monta\u00f1as, r\u00edos y casas, es decir, lo que llamamos un paisaje, es bello, no es bello en s\u00ed sino a trav\u00e9s de m\u00ed, de mi talante personal, a trav\u00e9s de la idea o la sensaci\u00f3n que le atribuyo.<\/p>\n<p>Rese\u00f1a del Sal\u00f3n de Par\u00eds de 1859, Charles Baudelaire<\/p><\/blockquote>\n","protected":false},"excerpt":{"rendered":"<p>Si un conjunto de \u00e1rboles, monta\u00f1as, r\u00edos y casas, es decir, lo que llamamos un paisaje, es bello, no es bello en s\u00ed sino a trav\u00e9s de m\u00ed, de mi talante personal, a trav\u00e9s de la idea o la sensaci\u00f3n que le atribuyo. Rese\u00f1a del Sal\u00f3n de Par\u00eds de 1859, Charles Baudelaire<\/p>\n","protected":false},"author":1,"featured_media":0,"comment_status":"open","ping_status":"open","sticky":false,"template":"","format":"standard","meta":{"footnotes":""},"categories":[3608],"tags":[212,299,1871,2233,2275],"class_list":["post-16967","post","type-post","status-publish","format-standard","hentry","category-literatura","tag-arte","tag-baudelaire","tag-la-muerte-y-la-doncella","tag-modernidad","tag-munch"],"_links":{"self":[{"href":"https:\/\/escribocreativo.com\/blog\/wp-json\/wp\/v2\/posts\/16967","targetHints":{"allow":["GET"]}}],"collection":[{"href":"https:\/\/escribocreativo.com\/blog\/wp-json\/wp\/v2\/posts"}],"about":[{"href":"https:\/\/escribocreativo.com\/blog\/wp-json\/wp\/v2\/types\/post"}],"author":[{"embeddable":true,"href":"https:\/\/escribocreativo.com\/blog\/wp-json\/wp\/v2\/users\/1"}],"replies":[{"embeddable":true,"href":"https:\/\/escribocreativo.com\/blog\/wp-json\/wp\/v2\/comments?post=16967"}],"version-history":[{"count":0,"href":"https:\/\/escribocreativo.com\/blog\/wp-json\/wp\/v2\/posts\/16967\/revisions"}],"wp:attachment":[{"href":"https:\/\/escribocreativo.com\/blog\/wp-json\/wp\/v2\/media?parent=16967"}],"wp:term":[{"taxonomy":"category","embeddable":true,"href":"https:\/\/escribocreativo.com\/blog\/wp-json\/wp\/v2\/categories?post=16967"},{"taxonomy":"post_tag","embeddable":true,"href":"https:\/\/escribocreativo.com\/blog\/wp-json\/wp\/v2\/tags?post=16967"}],"curies":[{"name":"wp","href":"https:\/\/api.w.org\/{rel}","templated":true}]}}