{"id":17218,"date":"2013-05-28T22:38:43","date_gmt":"2013-05-28T21:38:43","guid":{"rendered":"http:\/\/poesiamas.net\/blog\/?p=17218"},"modified":"2013-05-28T22:38:43","modified_gmt":"2013-05-28T21:38:43","slug":"los-hombres-que-leen","status":"publish","type":"post","link":"https:\/\/escribocreativo.com\/blog\/2013\/05\/28\/los-hombres-que-leen\/","title":{"rendered":"Los hombres que leen"},"content":{"rendered":"<p style=\"text-align: justify;\"><a href=\"https:\/\/escribocreativo.com\/blog\/wp-content\/uploads\/2013\/05\/menreading.jpg\"><img loading=\"lazy\" decoding=\"async\" class=\"alignleft size-medium wp-image-17219\" alt=\"menreading\" src=\"https:\/\/escribocreativo.com\/blog\/wp-content\/uploads\/2013\/05\/menreading-300x224.jpg\" width=\"300\" height=\"224\" \/><\/a>Algunos, pocos, de esa cosa, especie, los llaman hombres, y leen, de noche, en las paradas de las guaguas, en las esquinas, en los arcenes llenos de instantes febriles y de escorzos, en las duchas p\u00fablicas, las costas larvadas de gentes, oriundos de lugares impenetrables, esfera de lo irreconocible, pensamiento, y dicen que leen con algarab\u00eda, en los atardeceres de asfalto y podredumbre, en las aceras de l\u00edneas trazadas a escuadra y cartab\u00f3n, esos hombres, que leen, sin nombre, ensimismados, en la paz.<\/p>\n<p><span style=\"font-size: x-small;\"><strong>Imagen: <a href=\"http:\/\/www.huffingtonpost.com\/2010\/05\/05\/why-men-dont-read-books-s_n_564492.html\" target=\"_blank\">http:\/\/www.huffingtonpost.com\/2010\/05\/05\/why-men-dont-read-books-s_n_564492.html<\/a><\/strong><\/span><\/p>\n","protected":false},"excerpt":{"rendered":"<p>Algunos, pocos, de esa cosa, especie, los llaman hombres, y leen, de noche, en las paradas de las guaguas, en las esquinas, en los arcenes llenos de instantes febriles y de escorzos, en las duchas p\u00fablicas, las costas larvadas de gentes, oriundos de lugares impenetrables, esfera de lo irreconocible, pensamiento, y dicen que leen con algarab\u00eda, en los atardeceres de[&#8230;]<\/p>\n","protected":false},"author":1,"featured_media":0,"comment_status":"open","ping_status":"open","sticky":false,"template":"","format":"standard","meta":{"footnotes":""},"categories":[10],"tags":[1566,1923,1929,1959,1989],"class_list":["post-17218","post","type-post","status-publish","format-standard","hentry","category-la-ciudad-reflexiva","tag-hombres","tag-lectura","tag-leen","tag-libro","tag-la-ciudad-y-las-letras"],"_links":{"self":[{"href":"https:\/\/escribocreativo.com\/blog\/wp-json\/wp\/v2\/posts\/17218","targetHints":{"allow":["GET"]}}],"collection":[{"href":"https:\/\/escribocreativo.com\/blog\/wp-json\/wp\/v2\/posts"}],"about":[{"href":"https:\/\/escribocreativo.com\/blog\/wp-json\/wp\/v2\/types\/post"}],"author":[{"embeddable":true,"href":"https:\/\/escribocreativo.com\/blog\/wp-json\/wp\/v2\/users\/1"}],"replies":[{"embeddable":true,"href":"https:\/\/escribocreativo.com\/blog\/wp-json\/wp\/v2\/comments?post=17218"}],"version-history":[{"count":0,"href":"https:\/\/escribocreativo.com\/blog\/wp-json\/wp\/v2\/posts\/17218\/revisions"}],"wp:attachment":[{"href":"https:\/\/escribocreativo.com\/blog\/wp-json\/wp\/v2\/media?parent=17218"}],"wp:term":[{"taxonomy":"category","embeddable":true,"href":"https:\/\/escribocreativo.com\/blog\/wp-json\/wp\/v2\/categories?post=17218"},{"taxonomy":"post_tag","embeddable":true,"href":"https:\/\/escribocreativo.com\/blog\/wp-json\/wp\/v2\/tags?post=17218"}],"curies":[{"name":"wp","href":"https:\/\/api.w.org\/{rel}","templated":true}]}}