{"id":18,"date":"2008-06-19T06:22:54","date_gmt":"2008-06-19T06:22:54","guid":{"rendered":"http:\/\/poesiamas.net\/blog\/?p=18"},"modified":"2008-06-19T06:22:54","modified_gmt":"2008-06-19T06:22:54","slug":"lagerfeld","status":"publish","type":"post","link":"https:\/\/escribocreativo.com\/blog\/2008\/06\/19\/lagerfeld\/","title":{"rendered":"Lagerfeld"},"content":{"rendered":"<p style=\"text-align: justify;\">El mundo de la moda tiene a tipos como \u00e9ste. Le han contratado -\u00e9ste no trabaja gratis- para hacer una campa\u00f1a de prevenci\u00f3n de accidentes de tr\u00e1fico. \u00c9stos franceses&#8230; En fin, que uno de los popes del fr\u00edvolo mundo del fashion stylish aparece, cual friki de programa nocturno espa\u00f1ol, embutido en un chaleco reflectante. Me imagino el efecto de ver su pancarta a tama\u00f1o real cada 2 kil\u00f3metros.<\/p>\n<p style=\"text-align: justify;\">S\u00e9 que carezco de glamour -me consta-, pero&#8230; \u00bfno es <strong>rid\u00edculo hasta hacer llorar de la risa<\/strong>?<\/p>\n<p style=\"text-align: center;\"><img loading=\"lazy\" decoding=\"async\" class=\"aligncenter\" style=\"vertical-align: middle;\" title=\"Lagerfeld\" src=\"http:\/\/lh4.ggpht.com\/juliobloom\/SFpcyYzENcI\/AAAAAAAAAfA\/fABCFjHm8kc\/s800\/20080619elpepiage_1.jpg\" alt=\"Lagerfeld\" width=\"458\" height=\"336\" \/><\/p>\n","protected":false},"excerpt":{"rendered":"<p>El mundo de la moda tiene a tipos como \u00e9ste. Le han contratado -\u00e9ste no trabaja gratis- para hacer una campa\u00f1a de prevenci\u00f3n de accidentes de tr\u00e1fico. \u00c9stos franceses&#8230; En fin, que uno de los popes del fr\u00edvolo mundo del fashion stylish aparece, cual friki de programa nocturno espa\u00f1ol, embutido en un chaleco reflectante. Me imagino el efecto de ver[&#8230;]<\/p>\n","protected":false},"author":1,"featured_media":0,"comment_status":"open","ping_status":"open","sticky":false,"template":"","format":"standard","meta":{"footnotes":""},"categories":[10],"tags":[1279,1894,2231],"class_list":["post-18","post","type-post","status-publish","format-standard","hentry","category-la-ciudad-reflexiva","tag-fashion","tag-lagerfeld","tag-moda"],"_links":{"self":[{"href":"https:\/\/escribocreativo.com\/blog\/wp-json\/wp\/v2\/posts\/18","targetHints":{"allow":["GET"]}}],"collection":[{"href":"https:\/\/escribocreativo.com\/blog\/wp-json\/wp\/v2\/posts"}],"about":[{"href":"https:\/\/escribocreativo.com\/blog\/wp-json\/wp\/v2\/types\/post"}],"author":[{"embeddable":true,"href":"https:\/\/escribocreativo.com\/blog\/wp-json\/wp\/v2\/users\/1"}],"replies":[{"embeddable":true,"href":"https:\/\/escribocreativo.com\/blog\/wp-json\/wp\/v2\/comments?post=18"}],"version-history":[{"count":0,"href":"https:\/\/escribocreativo.com\/blog\/wp-json\/wp\/v2\/posts\/18\/revisions"}],"wp:attachment":[{"href":"https:\/\/escribocreativo.com\/blog\/wp-json\/wp\/v2\/media?parent=18"}],"wp:term":[{"taxonomy":"category","embeddable":true,"href":"https:\/\/escribocreativo.com\/blog\/wp-json\/wp\/v2\/categories?post=18"},{"taxonomy":"post_tag","embeddable":true,"href":"https:\/\/escribocreativo.com\/blog\/wp-json\/wp\/v2\/tags?post=18"}],"curies":[{"name":"wp","href":"https:\/\/api.w.org\/{rel}","templated":true}]}}