{"id":1830,"date":"2009-01-25T16:08:16","date_gmt":"2009-01-25T16:08:16","guid":{"rendered":"http:\/\/poesiamas.net\/blog\/?p=1830"},"modified":"2015-03-11T13:55:39","modified_gmt":"2015-03-11T13:55:39","slug":"la-duda","status":"publish","type":"post","link":"https:\/\/escribocreativo.com\/blog\/2009\/01\/25\/la-duda\/","title":{"rendered":"La duda"},"content":{"rendered":"<p style=\"text-align: justify;\"><em>La duda<\/em>, galardonada con los premios <em>Pulitzer<\/em> y <em>Tony<\/em>,  es una pieza teatral adaptada a la gran pantalla por su propio autor, John Patrick Shanley. La pel\u00edcula forma parte de ese conjunto de filmes que, teniendo una gran historia y contando con autores de un talento indiscutible, no pasa de ser una buena pel\u00edcula pero que no se te hace perdurable en el recuerdo, porque le falta empaque, determinaci\u00f3n, peso.<\/p>\n<p style=\"text-align: justify;\">Los cuatro actores de la cinta est\u00e1n nominados a los Oscars, lo que ya avisa de la calidad interpretativa de la misma. Pero resulta que la sensaci\u00f3n final es que  se ha quedado limitada en sus posibilidades naturales, como si un ajedrecista de talento no se esforzara por aprender y estudiar para lograr mayores logros.<\/p>\n<p><script type=\"text\/javascript\"><!--\ngoogle_ad_client = \"pub-8129239002981358\";\n\/* 336x280, creado 3\/11\/08 *\/\ngoogle_ad_slot = \"7958439179\";\ngoogle_ad_width = 336;\ngoogle_ad_height = 280;\n\/\/ --><\/script> <script src=\"http:\/\/pagead2.googlesyndication.com\/pagead\/show_ads.js\" type=\"text\/javascript\"><\/script><\/p>\n<p style=\"text-align: justify;\">Sin  embargo, la pel\u00edcula mantiene el suspense hasta el final, tiene a un se\u00f1or actor como Seymour Hoffman, que est\u00e1 inmenso -\u00bfy en cu\u00e1l no?- y a toda una Meryl Streep en plenas facultades. Y, adem\u00e1s, el desenlace es inquietante, estremecedor, e invita a la reflexi\u00f3n.<\/p>\n<p style=\"text-align: justify;\">Es probable que la cr\u00edtica de <em>La duda<\/em> tenga un halo de pesimismo, pero no es en absoluto una cinta err\u00f3nea. Su artesan\u00eda &#8220;teatral&#8221;, sin duda, le da un aire diferente y muy parecido a otras pel\u00edculas trasladadas de los escenarios al celuloide. La recomiendo sin dudas y espero que, al contrario que a m\u00ed, si se les haga perdurable en el recuerdo.<\/p>\n<p style=\"text-align: center;\">[email_link]\n","protected":false},"excerpt":{"rendered":"<p>La duda, galardonada con los premios Pulitzer y Tony, es una pieza teatral adaptada a la gran pantalla por su propio autor, John Patrick Shanley. La pel\u00edcula forma parte de ese conjunto de filmes que, teniendo una gran historia y contando con autores de un talento indiscutible, no pasa de ser una buena pel\u00edcula pero que no se te hace[&#8230;]<\/p>\n","protected":false},"author":1,"featured_media":0,"comment_status":"open","ping_status":"open","sticky":false,"template":"","format":"standard","meta":{"footnotes":""},"categories":[10],"tags":[602,781,1753,1853,2186,2456,2587,2842],"class_list":["post-1830","post","type-post","status-publish","format-standard","hentry","category-la-ciudad-reflexiva","tag-cine","tag-critica","tag-john-patrick-shanley","tag-la-duda","tag-meryl-streep","tag-oscars","tag-philip-seymour-hoffman","tag-resena"],"_links":{"self":[{"href":"https:\/\/escribocreativo.com\/blog\/wp-json\/wp\/v2\/posts\/1830","targetHints":{"allow":["GET"]}}],"collection":[{"href":"https:\/\/escribocreativo.com\/blog\/wp-json\/wp\/v2\/posts"}],"about":[{"href":"https:\/\/escribocreativo.com\/blog\/wp-json\/wp\/v2\/types\/post"}],"author":[{"embeddable":true,"href":"https:\/\/escribocreativo.com\/blog\/wp-json\/wp\/v2\/users\/1"}],"replies":[{"embeddable":true,"href":"https:\/\/escribocreativo.com\/blog\/wp-json\/wp\/v2\/comments?post=1830"}],"version-history":[{"count":0,"href":"https:\/\/escribocreativo.com\/blog\/wp-json\/wp\/v2\/posts\/1830\/revisions"}],"wp:attachment":[{"href":"https:\/\/escribocreativo.com\/blog\/wp-json\/wp\/v2\/media?parent=1830"}],"wp:term":[{"taxonomy":"category","embeddable":true,"href":"https:\/\/escribocreativo.com\/blog\/wp-json\/wp\/v2\/categories?post=1830"},{"taxonomy":"post_tag","embeddable":true,"href":"https:\/\/escribocreativo.com\/blog\/wp-json\/wp\/v2\/tags?post=1830"}],"curies":[{"name":"wp","href":"https:\/\/api.w.org\/{rel}","templated":true}]}}