{"id":1836,"date":"2009-01-25T17:14:32","date_gmt":"2009-01-25T17:14:32","guid":{"rendered":"http:\/\/poesiamas.net\/blog\/?p=1836"},"modified":"2015-03-14T00:51:22","modified_gmt":"2015-03-14T00:51:22","slug":"perez-reverte-o-como-morir-de-aventuras","status":"publish","type":"post","link":"https:\/\/escribocreativo.com\/blog\/2009\/01\/25\/perez-reverte-o-como-morir-de-aventuras\/","title":{"rendered":"P\u00e9rez Reverte o c\u00f3mo morir de aventuras"},"content":{"rendered":"<p style=\"text-align: justify;\"><a href=\"https:\/\/escribocreativo.com\/blog\/2008\/12\/26\/los-best-sellers-del-2008-y-la-dermatitis\/\"><\/a><a href=\"https:\/\/escribocreativo.com\/blog\/wp-content\/uploads\/2009\/01\/el_capitan_ala_triste_perez_reverte.jpg\"><img loading=\"lazy\" decoding=\"async\" class=\"alignleft size-medium wp-image-1837\" style=\"margin: 5px;\" title=\"el_capitan_ala_triste_perez_reverte\" src=\"https:\/\/escribocreativo.com\/blog\/wp-content\/uploads\/2009\/01\/el_capitan_ala_triste_perez_reverte-206x300.jpg\" alt=\"el_capitan_ala_triste_perez_reverte\" width=\"206\" height=\"300\" \/><\/a>En un art\u00edculo anterior, hab\u00eda tenido una agria pol\u00e9mica con un visitante que pr\u00e1cticamente me hab\u00eda llamado est\u00fapido, envidioso y mal informado -y eso que ambos somos fil\u00f3logos, aunque lo de \u00e9l no se nota tanto- por decir que P\u00e9rez-Reverte no hace literatura, que es un bodrio e insufrible. Reconozco que solt\u00e9 los ep\u00edtetos as\u00ed, sin meditarlos, pero tal cual los sent\u00eda.<\/p>\n<p style=\"text-align: justify;\">Yo no tengo nada personal contra la persona, a la que desconozco. S\u00e9 que Mars\u00e9 y Mar\u00edas, en concreto, alaban al escritor. Me choca la alabanza en el caso de Mars\u00e9, pero en el de Javier Mar\u00edas no la entiendo, porque es uno de los grandes y no s\u00e9 qu\u00e9 le ve a las novelas de aventuras de P\u00e9rez-Reverte.<!--more--><\/p>\n<p style=\"text-align: justify;\">Para mi gusto, P\u00e9rez-Reverte abusa de la repetici\u00f3n de f\u00f3rmulas ya conocidas en sus novelas (que, a mi pesar y pensando que d\u00e1ndoles una oportunidad igual encontraba algo interesante, le\u00ed dos: <em>El maestro de esgrima<\/em> y <em>La tabla de Flandes<\/em>, a cual peor),\u00a0y no le encuentro un estilo novedoso -o, como dec\u00eda Umbral con esa pluma \u00e1cida, sin estilo ninguno-, porque le\u00ed sus libros sin prejuicio -leo siempre por el placer de que me descubran-; sin nombrar ese aire culto y erudito con el que parece revivir el neocl\u00e1sico: deleitar ense\u00f1ando. En sus novelas encontr\u00e9 un autor que tuvo que pasar meses encerrado en bibliotecas y releyendo cl\u00e1sicos del siglo de oro. Para pena de Mar\u00edas y Mars\u00e9, las obras de estos dos autores me parecen m\u00e1s relevantes como literatura que las novelas de aventuras de P\u00e9rez-Reverte.<\/p>\n<p style=\"text-align: justify;\">Dicho esto, que este se\u00f1or est\u00e9 en la RAEL y se le hagan conferencias y estudios en universidades espa\u00f1olas, o que cr\u00edticos y estudiosos de la literatura de primer nivel de este pa\u00eds lo tengan como uno de los mejores novelistas actuales, da pavor, pero es respetable y tendr\u00e1n sus argumentos. \u00bfP\u00e9rez-Reverte, de verdad, es el paradigma del escritor espa\u00f1ol, uno de los mejores exponentes de nuestra literatura en lengua castellana? \u00bfY qu\u00e9 hacemos entonces con Roberto Bola\u00f1o, Vila-Matas, Javier Mar\u00edas, etc.? \u00bfEs <em>El club Dumas<\/em> una novela formalmente comparable a <em>El mal de Montano<\/em>, por elegir una?<\/p>\n<blockquote>\n<p style=\"text-align: justify;\">Hace tiempo que vienes vendiendo un mont\u00f3n de libros. Al principio te despreciaba el mundillo literario y t\u00fa los despreciabas a ellos. Insultaste a cr\u00edticos, escritores que no vend\u00edan, editores minoritarios, a todo el que no te hiciese el caldo gordo. Pero luego te gusta el compadreo, ir a la RAE a hacer reverencias vestido de frac, pasarte por la boda del Pr\u00edncipe con el chaqu\u00e9. Te gusta al final tambi\u00e9n, no disimules, que las rese\u00f1as de los cr\u00edticos te ensalcen. Que si sabes contar una historia, que si el ritmo narrativo, vamos que al final eras un Cervantes y no nos hab\u00edamos dado cuenta.<\/p>\n<p style=\"text-align: justify;\">En <em>La piel del tambor<\/em> haces una novela comercial, siempre con esa hojarasca de lenguaje, que es un mal end\u00e9mico espa\u00f1ol, pero clara y eficaz. Pero luego, cuando ya ten\u00edas los bolsillos llenos, parec\u00eda darte pena que no te pasearan, como al resto de espantap\u00e1jaros, por los corrillos literarios. Y ah\u00ed llega <em>La carta esf\u00e9rica<\/em>, una novela amu\u00f1ozmolinada, con p\u00e1rrafos y m\u00e1s p\u00e1rrafos que sobran, y que decepcion\u00f3 a tus lectores. Te mantuviste arriba por el Capit\u00e1n Alatriste, esas novelitas juveniles y prescindibles.<\/p>\n<p style=\"text-align: justify;\">Y luego en <em>La reina del sur<\/em> das otro paso atr\u00e1s, me recuerdas a los chapuceros aquellos posmodernos de los que tanto te burlabas, cambiando la modalizaci\u00f3n, imitando dialectos, el co\u00f1azo aquel del narcocorrido, y la milonga esa de que te metiste en la cabeza de una mujer (a tu amigo Javier Mar\u00edas le le\u00ed una burla sobre eso). Llega un momento, Arturo, conv\u00e9ncete, de que vendes por la inercia, por la maquinaria medi\u00e1tica de Prisa y por las pilas de libros que te colocan en las mesas de novedades. Yo apuesto lo que quieras a que <em>La reina del sur<\/em> la firma un joven desconocido y no se come una rosca. Es una novela mala.<\/p>\n<p style=\"text-align: justify;\">Te reto a que hagas la prueba. La pr\u00f3xima novela que termines, f\u00edrmala como Perico Palotes, haz cinco fotocopias, m\u00e9telas en sobres y env\u00edalas a editoriales. A ver qu\u00e9 te dicen. Yo creo que publicar te publican, pero te sacar\u00e1n dos mil ejemplares sin ninguna promoci\u00f3n.<\/p>\n<p style=\"text-align: justify;\">Pero lo m\u00e1s imb\u00e9cil de ti es esa imagen de aventurero, por ah\u00ed con el velero, que quieres dar. Eso no se lo cree nadie. En tu misma p\u00e1gina web das un v\u00eddeo con una entrevista de hace a\u00f1os con Fernando Schwartz. Tendr\u00edas ya cuarenta a\u00f1os, pero m\u00e1s parec\u00edas un empoll\u00f3n ah\u00ed con las gafitas de pasta que un aventurero. Me creo que has le\u00eddo muchas novelas, a toda velocidad seguramente, tal y como las escribes, pero no me creo esa pose de hombre duro.<\/p>\n<p style=\"text-align: justify;\">De modo, maestro, que no he conocido otro escritor que alardee m\u00e1s de independencia pero est\u00e9 mejor instalado en la industria editorial, en los medios y en las instituciones literarias. Me pareces algo as\u00ed como un Palacio Vald\u00e9s, aquel al que llamaban &#8220;patriarca de las letras espa\u00f1olas&#8221; pero no dej\u00f3 m\u00e1s que paja en sus libros que ha sido debidamente arrinconada.<\/p>\n<p>Fuente: <a href=\"http:\/\/www.albertonoguera.com\/2005\/12\/carta-abierta-arturo-prez-reverte.html\" target=\"_blank\">Alberto Noguera<\/a> <strong>(nota: no comparto los insultos en este art\u00edculo)<\/strong><a href=\"http:\/\/www.albertonoguera.com\/2005\/12\/carta-abierta-arturo-prez-reverte.html\" target=\"_blank\"><br \/>\n<\/a><\/p><\/blockquote>\n<p style=\"text-align: justify;\">Y en <a href=\"http:\/\/www.rebelion.org\/noticia.php?id=21278\" target=\"_blank\">Rebeli\u00f3n<\/a>, que comparto casi punto por punto:<\/p>\n<blockquote>\n<p class=\"MsoNormal\" style=\"text-align: justify;\">Al profesor Jos\u00e9 Belmonte, de la Universidad de Murcia, tambi\u00e9n le escrib\u00ed una carta (alguien tiene que decirles las cosas, pienso): &lt;&lt;<span>Sr. Belmonte: su haza\u00f1a de organizar un congreso sobre la obra de Arturo P\u00e9rez Reverte ya la he comentado en n\u00famero de <em>La Fiera Literaria<\/em> del pasado a\u00f1o, esto es, mucho antes de su ingreso en la Academia, aludiendo a su inusitado \u00e9xito debido a la regresi\u00f3n que cr\u00edticos, acad\u00e9micos y profesores han impuesto a la novela y a las piller\u00edas de la industria cultural.<\/span><\/p>\n<p class=\"MsoNormal\" style=\"text-align: justify;\">&gt;Usted, se\u00f1or Belmonte, quiz\u00e1 no sea un pillo. Por el momento, parece simplemente un inocent\u00f3n. Va a dejar muy atr\u00e1s al que as\u00f3 la manteca, por lo que en adelante diremos: \u201ceso no se le ocurre ni al que organiz\u00f3 un congreso a P\u00e9rez\u201d. Su art\u00edculo titulado <em style=\"mso-bidi-font-style: normal;\">Un cl\u00e1sico<\/em><span>, publicado en <em>El Pa\u00eds<\/em> el 24 de enero con motivo del ingreso de Reverte en la Academia, arranca con cuatro chicuelinas de tal calibre que no lo pude concluir. <\/span><\/p>\n<p class=\"MsoNormal\" style=\"text-align: justify;\"><span>1\u00aa.- &lt;&lt;Cuando decid\u00ed organizar un congreso internacional dedicado monogr\u00e1ficamente, a la obra literaria y period\u00edstica de Arturo P\u00e9rez Reverte, hubo gente que me dijo que estaba loco. Loco de atar&gt;&gt;. \u00a1Pero hombre! Usted es profesor universitarario. \u00bfDe verdad cree que puede construir un silogismo que diga: 1.- Yo organic\u00e9 un congreso sobre P\u00e9rez. 2.- A P\u00e9rez lo han nombrado acad\u00e9mico. 3.- Luego yo no soy tonto por haber organizado ese congreso? <\/span><\/p>\n<p class=\"MsoNormal\" style=\"text-align: justify;\">2\u00ba:- \u00bfQu\u00e9 decirle de cuando intenta arrimar nuevos argumentos en favor de ese acierto del que nunca dud\u00f3 su idolatrada madre? \u201cVende muchos libros\u201d. \u201cEs un t\u00edo famoso\u201d. \u201cLo lee incluso la gente m\u00e1s humilde\u201d. Belmonte, Belmonte, \u00bfle ha preguntado a alguno de esos humilde lectores si ha le\u00eddo siquiera un cap\u00edtulo del Quijote? \u00bfAlguna novela picaresca? \u00bfUna siquiera del otro P\u00e9rez?<\/p>\n<p class=\"MsoNormal\" style=\"text-align: justify;\"><span>3\u00ba.- \u201dP\u00e9rez Reverte ya es un cl\u00e1sico, un autor al que nunca podremos pagar del todo lo que ha hecho por la literatura\u201d. Esto es demasiado. Y dice \u201cpor la literatura\u201d. Ni siquiera se limita a la espa\u00f1ola. \u00a1Se\u00f1or! \u00bfHa dicho usted algo parecido de alguien m\u00e1s, desde Gonzalo de Berceo a Juan Ram\u00f3n Jim\u00e9nez, pasando por Garcilaso y Cervantes?<\/span><\/p>\n<p class=\"MsoNormal\" style=\"text-align: justify;\"><span>4\u00ba.- Y aqu\u00ed me detengo. Me siento desfallecer cuando Belmonte alaba que P\u00e9rez lo mismo escribe a lo Gald\u00f3s, que a lo Baroja, que a lo Melville, que a lo Dumas&#8230; Como los cantaores \u00bfno?: \u201cAhora, una de aventuras por Er Ni\u00f1o la Ballena\u2026\u201d<\/span><\/p>\n<p class=\"MsoNormal\" style=\"text-align: justify;\"><span>Conclusi\u00f3n: las felicidades de Belmonte, Uss\u00eda, De Prada (\u00e9stas adobadas en cobeos intraducibles &#8211;<em>ABC<\/em>, 25-I-2003-), De la Concha, Mu\u00f1oz Molina, Gregorio Salvador, Juan Cruz, Garc\u00eda Posada, Juristo, Conte, Santos Sanz Villanueva, Dar\u00edo Villanueva, etc. demuestran lo que les pasa a esta gente: que se les atragantan los libros con ideas o con audacias formales. Que en el fondo piensan, como Uss\u00eda, que la literatura buena es un co\u00f1azo. P\u00e9rez Reverte les ha proporcionado, de la mano de Polanco y su Alfaguara, de <em>El Pa\u00eds<\/em> y de la industria cultural en general, la coartada para reclamar la desaparici\u00f3n de la literatura seria y la imposici\u00f3n de la de entretenimiento, que no plantee problemas \u00e9ticos ni est\u00e9ticos y que, como el mundo entero a trav\u00e9s del NODO, est\u00e1 al alcance de todos los espa\u00f1oles, tan poco lectores ellos: literatura fr\u00edvola, superficial, realista, costumbrista, con m\u00e1s o menos divertidas peripecias, que muy bien la puedan escribir los presentadores de televisi\u00f3n, los cantantes de moda, los pol\u00edticos en dique seco y los deportistas. Que no cuestione el mundo ni la sociedad; sin interpretaciones, cr\u00edticas ni mensajes (ya lo dec\u00eda Mu\u00f1oz Molina: el que quiera mensajes que se sirva del tel\u00e9grafo), sin la m\u00e1s peque\u00f1a antena hacia arriba o hacia debajo de la apariencia.<\/span><\/p>\n<p class=\"MsoNormal\" style=\"text-align: justify;\"><span>M. Garc\u00eda Vi\u00f1\u00f3<\/span><\/p>\n<\/blockquote>\n<p style=\"text-align: justify;\">A M. Garc\u00eda Vi\u00f1\u00f3 lo encuentro, con todos mis respetos, que se sit\u00faa en lo que el periodismo informativo es la l\u00ednea Jim\u00e9nez-Losantos, es decir, ataques furibundos a la vez que se convierte o desea convertirse en la l\u00ednea infranqueable del que decide lo que es bueno y lo que no. Una tarea ardua y complicada para alguien que no ha alcanzado como estudioso de la literatura y la lengua o como novelista una repercusi\u00f3n notable (como puede ser un Emilio Alarcos, o un Saramago, por poner un ejemplo). Al tiempo, reconozco que parece haberme le\u00eddo la mente en cuanto a mi opini\u00f3n de P\u00e9rez-Reverte. Que sea desagradable o que sea una bella persona me es indiferente, porque aqu\u00ed me atengo a lo que me transmiten sus escritos.<\/p>\n<p style=\"text-align: justify;\">Respetando a quien le guste P\u00e9rez-Reverte, pues yo solo expreso mi opini\u00f3n cr\u00edtica, no creo que las novelas de P\u00e9rez-Reverte sean como para quemarlas (si lee uno\u00a0El Pa\u00eds habr\u00eda que comprarlas todas; un peri\u00f3dico del que a\u00fan soy comprador compulsivo: no deja de ser un &#8220;escritor-Prisa&#8221; como tantos otros), pero s\u00ed que considero que, aunque se las atribuye la cualidad de ser entretenidas, como pueden serlo las de Alejandro Dumas -que me gusta mucho m\u00e1s- y que no est\u00e1n mal escritas -yo no digo que no sepa escribir-, me aburren. Pero de ah\u00ed a toda esa pompa medi\u00e1tica y alabanzas cr\u00edticas, de verdad, no me extra\u00f1a viniendo de alguien que vende tantos miles de ejemplares y que es un gran negocio. Nada mejor que leer en los peri\u00f3dicos afines a las editoriales las excelentes cr\u00edticas de sus novelas -como en <a href=\"http:\/\/elpais.com\" target=\"_blank\">El Pa\u00eds<\/a>, donde ya <a href=\"http:\/\/www.elmundo.es\/elmundo\/2004\/12\/10\/comunicacion\/1102698627.html\" target=\"_blank\">sufri\u00f3 las consecuencias de no amoldarse al sistema empresarial un cr\u00edtico prestigioso como Ignacio Echevarr\u00eda<\/a> por una rese\u00f1a en la que destripaba la \u00faltima novela de Bernardo Atxaga-. Creo que P\u00e9rez-Reverte tiene su momento, una conjunci\u00f3n de causas -ventas millonarias, premios internacionales,\u00a0ingreso en la Real Academia, coincidencia de un ciclo bajo de autores en Espa\u00f1a- que le han servido para establecerse como un escritor de prestigio. Dentro de 50 a\u00f1os, \u00bfestar\u00e1 en las antolog\u00edas de Literatura Espa\u00f1ola y se estudiar\u00e1n sus novelas como se hizo con Gald\u00f3s, se analizar\u00e1n sus aciertos formales y sus estructuras innovadoras, su prosa hipn\u00f3tica y llena de hallazgos ling\u00fc\u00edsticos? Como dir\u00eda un personaje de sus novelas: \u00a1voto a br\u00edos que antes me amputo un dedo que me presto a oir tama\u00f1a infamia!<\/p>\n<p style=\"text-align: center;\">[email_link]\n","protected":false},"excerpt":{"rendered":"<p>En un art\u00edculo anterior, hab\u00eda tenido una agria pol\u00e9mica con un visitante que pr\u00e1cticamente me hab\u00eda llamado est\u00fapido, envidioso y mal informado -y eso que ambos somos fil\u00f3logos, aunque lo de \u00e9l no se nota tanto- por decir que P\u00e9rez-Reverte no hace literatura, que es un bodrio e insufrible. Reconozco que solt\u00e9 los ep\u00edtetos as\u00ed, sin meditarlos, pero tal cual[&#8230;]<\/p>\n","protected":false},"author":1,"featured_media":0,"comment_status":"open","ping_status":"open","sticky":false,"template":"","format":"standard","meta":{"footnotes":""},"categories":[3608],"tags":[781,2374,2375,2556],"class_list":["post-1836","post","type-post","status-publish","format-standard","hentry","category-literatura","tag-critica","tag-novela","tag-novela-de-aventuras","tag-perez-reverte"],"_links":{"self":[{"href":"https:\/\/escribocreativo.com\/blog\/wp-json\/wp\/v2\/posts\/1836","targetHints":{"allow":["GET"]}}],"collection":[{"href":"https:\/\/escribocreativo.com\/blog\/wp-json\/wp\/v2\/posts"}],"about":[{"href":"https:\/\/escribocreativo.com\/blog\/wp-json\/wp\/v2\/types\/post"}],"author":[{"embeddable":true,"href":"https:\/\/escribocreativo.com\/blog\/wp-json\/wp\/v2\/users\/1"}],"replies":[{"embeddable":true,"href":"https:\/\/escribocreativo.com\/blog\/wp-json\/wp\/v2\/comments?post=1836"}],"version-history":[{"count":0,"href":"https:\/\/escribocreativo.com\/blog\/wp-json\/wp\/v2\/posts\/1836\/revisions"}],"wp:attachment":[{"href":"https:\/\/escribocreativo.com\/blog\/wp-json\/wp\/v2\/media?parent=1836"}],"wp:term":[{"taxonomy":"category","embeddable":true,"href":"https:\/\/escribocreativo.com\/blog\/wp-json\/wp\/v2\/categories?post=1836"},{"taxonomy":"post_tag","embeddable":true,"href":"https:\/\/escribocreativo.com\/blog\/wp-json\/wp\/v2\/tags?post=1836"}],"curies":[{"name":"wp","href":"https:\/\/api.w.org\/{rel}","templated":true}]}}