{"id":19292,"date":"2013-07-02T21:46:10","date_gmt":"2013-07-02T20:46:10","guid":{"rendered":"http:\/\/poesiamas.net\/blog\/?p=19292"},"modified":"2015-03-11T13:48:00","modified_gmt":"2015-03-11T13:48:00","slug":"los-ricos-de-merkel","status":"publish","type":"post","link":"https:\/\/escribocreativo.com\/blog\/2013\/07\/02\/los-ricos-de-merkel\/","title":{"rendered":"Los ricos de Merkel"},"content":{"rendered":"<p style=\"text-align: justify;\">Dice la encantadora Merkel, convertida en icono de lo terrible en la Europa del sur -nunca sabremos toda la verdad-, que los ricos podr\u00edan\/deber\u00edan aportar m\u00e1s. Volvemos a esa \u00e9pica de la palabra, hueca, que no va acompa\u00f1ada de nuevas reglas del juego de los mercados que la acompa\u00f1e. Los ricos deber\u00edan aportar m\u00e1s y las musas, tambi\u00e9n, que yo quiero comer de esto alg\u00fan d\u00eda.<\/p>\n<p style=\"text-align: justify;\">Nos quedar\u00e1 el consuelo de F\u00e9lix Krull, el maravilloso estafador de Thomas Mann, novela que recuerdo con mucho cari\u00f1o. Es verdad que, siguiendo el ejemplo de Krull, solo se aprovechar\u00edan de su sistema los guapos y atractivos, pero al menos estos agraciados, hombres y mujeres, podr\u00edan ascender de la misma forma que lo han hecho muchos otros y que, lamentablemente, gobiernan nuestros destinos.<\/p>\n<p style=\"text-align: center;\">[email_link]\n","protected":false},"excerpt":{"rendered":"<p>Dice la encantadora Merkel, convertida en icono de lo terrible en la Europa del sur -nunca sabremos toda la verdad-, que los ricos podr\u00edan\/deber\u00edan aportar m\u00e1s. Volvemos a esa \u00e9pica de la palabra, hueca, que no va acompa\u00f1ada de nuevas reglas del juego de los mercados que la acompa\u00f1e. Los ricos deber\u00edan aportar m\u00e1s y las musas, tambi\u00e9n, que yo[&#8230;]<\/p>\n","protected":false},"author":1,"featured_media":0,"comment_status":"open","ping_status":"open","sticky":false,"template":"","format":"standard","meta":{"footnotes":""},"categories":[10],"tags":[693,2184,2875,3264,3352],"class_list":["post-19292","post","type-post","status-publish","format-standard","hentry","category-la-ciudad-reflexiva","tag-confesiones-del-estafador-felix-krull","tag-merkel","tag-ricos","tag-thomas-mann","tag-ue"],"_links":{"self":[{"href":"https:\/\/escribocreativo.com\/blog\/wp-json\/wp\/v2\/posts\/19292","targetHints":{"allow":["GET"]}}],"collection":[{"href":"https:\/\/escribocreativo.com\/blog\/wp-json\/wp\/v2\/posts"}],"about":[{"href":"https:\/\/escribocreativo.com\/blog\/wp-json\/wp\/v2\/types\/post"}],"author":[{"embeddable":true,"href":"https:\/\/escribocreativo.com\/blog\/wp-json\/wp\/v2\/users\/1"}],"replies":[{"embeddable":true,"href":"https:\/\/escribocreativo.com\/blog\/wp-json\/wp\/v2\/comments?post=19292"}],"version-history":[{"count":0,"href":"https:\/\/escribocreativo.com\/blog\/wp-json\/wp\/v2\/posts\/19292\/revisions"}],"wp:attachment":[{"href":"https:\/\/escribocreativo.com\/blog\/wp-json\/wp\/v2\/media?parent=19292"}],"wp:term":[{"taxonomy":"category","embeddable":true,"href":"https:\/\/escribocreativo.com\/blog\/wp-json\/wp\/v2\/categories?post=19292"},{"taxonomy":"post_tag","embeddable":true,"href":"https:\/\/escribocreativo.com\/blog\/wp-json\/wp\/v2\/tags?post=19292"}],"curies":[{"name":"wp","href":"https:\/\/api.w.org\/{rel}","templated":true}]}}