{"id":20016,"date":"2013-08-24T12:24:40","date_gmt":"2013-08-24T11:24:40","guid":{"rendered":"http:\/\/poesiamas.net\/blog\/?p=20016"},"modified":"2015-03-11T13:55:35","modified_gmt":"2015-03-11T13:55:35","slug":"las-mujeres-bizcochadas","status":"publish","type":"post","link":"https:\/\/escribocreativo.com\/blog\/2013\/08\/24\/las-mujeres-bizcochadas\/","title":{"rendered":"Las mujeres bizcochadas"},"content":{"rendered":"<div id=\"attachment_20017\" style=\"width: 310px\" class=\"wp-caption alignleft\"><a href=\"https:\/\/escribocreativo.com\/blog\/wp-content\/uploads\/2013\/08\/095242a_hb_p_00320.jpg\"><img loading=\"lazy\" decoding=\"async\" aria-describedby=\"caption-attachment-20017\" class=\"size-medium wp-image-20017\" alt=\"Bizcocho\" src=\"https:\/\/escribocreativo.com\/blog\/wp-content\/uploads\/2013\/08\/095242a_hb_p_00320-300x199.jpg\" width=\"300\" height=\"199\" \/><\/a><p id=\"caption-attachment-20017\" class=\"wp-caption-text\">Bizcocho<\/p><\/div>\n<p>Como canta Silvio Rodr\u00edguez, a veces apago el o\u00eddo, pero en las noches capitalinas participas y escuchas conversaciones de lo m\u00e1s interesantes. Como ling\u00fcista, s\u00e9 que la norma evoluciona, como evoluciona la sociedad, y en estas ayer encontr\u00e9, en la supuesta norma culta de Las Palmas, un nuevo t\u00e9rmino -y yo pensaba que lo hab\u00eda o\u00eddo todo- para catalogar a las mujeres maduras: bizcochada. Como solo busco enamorarme -y en 2013 eso no est\u00e1 de moda-, porque soy un buen ni\u00f1o, educado, occidentalizado, de mixtura africano-americana-europea-, al principio no captaba qu\u00e9 pod\u00eda significar ese bizcochado.<\/p>\n<p>-Aquella, Julio, no te interesa, est\u00e1 bizcochada.<br \/>\n-Olv\u00eddate, esa est\u00e1 ya muy bizcochadita.<br \/>\n-\u00bfEsa de all\u00e1, la del traje negro? Qu\u00e9 va, no te confundas, el maquillaje hace mucho, est\u00e1 muy bizcochadita.<\/p>\n<p>Como me gusta mucho el pan bizcochado -con mantequilla o lo que sea- en principio no captaba el matiz negativo de &#8220;bizcochada&#8221; y las carcajadas siguientes. Seg\u00fan fue pasando la noche -y fui asimilando el c\u00f3digo- lo fui entendiendo. &#8220;Bizcochada&#8221; es peyorativo y hace referencia a la escasez de turgencia de las mujeres maduras. As\u00ed, mientras m\u00e1s bizcochadita, m\u00e1s madurita y menos apetecible. Vamos, que el virus de la crisis de los &#8220;tengo m\u00e1s de 40 y estoy soltero&#8221; est\u00e1 haciendo el agosto -nunca mejor dicho-. Solo hay ojitos y bendiciones para las promotoras, camareras y dem\u00e1s f\u00e9minas del sector servicios, en un rango que tiene su tope, seg\u00fan entend\u00ed, en los 35, que es cuando comienza el efecto bizcocho.<\/p>\n<p>No me sorprendi\u00f3, sin embargo, comprobar que muchos de los panaderos maduritos intentaron, infructuosamente, acabar la noche rebozados en bizcocho. El karma es implacable.<\/p>\n<p><iframe loading=\"lazy\" title=\"Supergrass - MOVING\" width=\"602\" height=\"452\" src=\"https:\/\/www.youtube.com\/embed\/q9cAzeGU-Ts?feature=oembed\" frameborder=\"0\" allow=\"accelerometer; autoplay; clipboard-write; encrypted-media; gyroscope; picture-in-picture; web-share\" referrerpolicy=\"strict-origin-when-cross-origin\" allowfullscreen><\/iframe><\/p>\n<p><strong><span style=\"font-size: x-small;\">Imagen:<a href=\"http:\/\/www.absolutirlanda.com\" target=\"_blank\">www.absolutirlanda.com<\/a><\/span><\/strong><\/p>\n<p style=\"text-align: center;\">[email_link]\n<p>&nbsp;<\/p>\n","protected":false},"excerpt":{"rendered":"<p>Como canta Silvio Rodr\u00edguez, a veces apago el o\u00eddo, pero en las noches capitalinas participas y escuchas conversaciones de lo m\u00e1s interesantes. Como ling\u00fcista, s\u00e9 que la norma evoluciona, como evoluciona la sociedad, y en estas ayer encontr\u00e9, en la supuesta norma culta de Las Palmas, un nuevo t\u00e9rmino -y yo pensaba que lo hab\u00eda o\u00eddo todo- para catalogar a[&#8230;]<\/p>\n","protected":false},"author":1,"featured_media":0,"comment_status":"open","ping_status":"open","sticky":false,"template":"","format":"standard","meta":{"footnotes":""},"categories":[10],"tags":[],"class_list":["post-20016","post","type-post","status-publish","format-standard","hentry","category-la-ciudad-reflexiva"],"_links":{"self":[{"href":"https:\/\/escribocreativo.com\/blog\/wp-json\/wp\/v2\/posts\/20016","targetHints":{"allow":["GET"]}}],"collection":[{"href":"https:\/\/escribocreativo.com\/blog\/wp-json\/wp\/v2\/posts"}],"about":[{"href":"https:\/\/escribocreativo.com\/blog\/wp-json\/wp\/v2\/types\/post"}],"author":[{"embeddable":true,"href":"https:\/\/escribocreativo.com\/blog\/wp-json\/wp\/v2\/users\/1"}],"replies":[{"embeddable":true,"href":"https:\/\/escribocreativo.com\/blog\/wp-json\/wp\/v2\/comments?post=20016"}],"version-history":[{"count":0,"href":"https:\/\/escribocreativo.com\/blog\/wp-json\/wp\/v2\/posts\/20016\/revisions"}],"wp:attachment":[{"href":"https:\/\/escribocreativo.com\/blog\/wp-json\/wp\/v2\/media?parent=20016"}],"wp:term":[{"taxonomy":"category","embeddable":true,"href":"https:\/\/escribocreativo.com\/blog\/wp-json\/wp\/v2\/categories?post=20016"},{"taxonomy":"post_tag","embeddable":true,"href":"https:\/\/escribocreativo.com\/blog\/wp-json\/wp\/v2\/tags?post=20016"}],"curies":[{"name":"wp","href":"https:\/\/api.w.org\/{rel}","templated":true}]}}