{"id":2065,"date":"2009-03-03T17:26:14","date_gmt":"2009-03-03T17:26:14","guid":{"rendered":"http:\/\/poesiamas.net\/blog\/?p=2065"},"modified":"2015-03-11T13:48:05","modified_gmt":"2015-03-11T13:48:05","slug":"el-calavera-de-damien-hirst","status":"publish","type":"post","link":"https:\/\/escribocreativo.com\/blog\/2009\/03\/03\/el-calavera-de-damien-hirst\/","title":{"rendered":"El calavera de Damien Hirst"},"content":{"rendered":"<p>Seg\u00fan el diccionario de la <a href=\"http:\/\/buscon.rae.es\/draeI\/SrvltConsulta?TIPO_BUS=3&amp;LEMA=calavera\" target=\"_blank\"><strong>RAEL<\/strong><\/a>, &#8216;calavera&#8217; tiene \u00e9stas dos \u00faltimas entradas en su definici\u00f3n:<\/p>\n<p style=\"margin-left: 2em; margin-bottom: -0.5em;\"><span class=\"eOrdenAcepLema\"><strong> 5. <\/strong><\/span><span class=\"eAbrv\"> <span class=\"eAbrv\" title=\"nombre masculino\">m.<\/span><\/span><span class=\"eAcep\"> Hombre de poco juicio y asiento.<\/span><span class=\"eOrdenAcepLema\"><strong> <\/strong><\/span><\/p>\n<p style=\"margin-left: 2em; margin-bottom: -0.5em;\"><span class=\"eOrdenAcepLema\"><strong>6. <\/strong><\/span><span class=\"eAbrvNoEdit\"> <span class=\"eAbrvNoEdit\" title=\"nombre masculino\">m.<\/span><\/span><span class=\"eAcep\"> Hombre dado al libertinaje.<\/span><\/p>\n<p style=\"margin-left: 2em; margin-bottom: -0.5em;\">\n<p style=\"text-align: justify;\"><span class=\"eAcep\">\u00bfQu\u00e9 hacemos con Damien Hirst? Despu\u00e9s de demandar a una joven de 16 a\u00f1os, de nombre Cartrain, por usar una de sus obras para un <em>collage<\/em> que la joven quiso vender por internet -y que le cost\u00f3 200 d\u00f3lares de multa-, un<\/span> colectivo de artistas ha creado una web en la que se pueden comprar diferentes &#8216;collage&#8217; y todos ellos, por supuesto, est\u00e1n inspirados en la m\u00edtica calavera.<\/p>\n<p style=\"text-align: justify;\">En la web \u2014www.redragtoabull.com\u2014 el cr\u00e1neo de diamantes es el protagonista; podemos verlo en con la Gioconda, la famosa fotograf\u00eda del Che, la portada de Dios Salve a la reina, el propio Papa Benedicto, Marylin Monroe, el grito de M\u00fcnch, \u2026 adem\u00e1s del <em>collage<\/em> que origin\u00f3 la pol\u00e9mica.<\/p>\n<p style=\"text-align: justify;\">\n<p><script type=\"text\/javascript\"><!--\ngoogle_ad_client = \"pub-8129239002981358\";\n\/* 336x280, creado 3\/11\/08 *\/\ngoogle_ad_slot = \"7958439179\";\ngoogle_ad_width = 336;\ngoogle_ad_height = 280;\n\/\/-->\n<\/script><br \/>\n<script type=\"text\/javascript\"\nsrc=\"http:\/\/pagead2.googlesyndication.com\/pagead\/show_ads.js\">\n<\/script><\/p>\n<p style=\"text-align: justify;\">De momento, ni Hirst ni sus abogados se han pronunciado. La pregunta es: \u00bfcu\u00e1nto podr\u00eda embolsarse ahora el multimillonario creador por esta importante provocaci\u00f3n a su persona? Quien visita las obras de Hirst -recordemos el tibur\u00f3n disecado en formol- comenta que, tras el impacto inicial, las obras de Hirst son nada, vac\u00edo, puro impacto visual. Sus detractores lo acusan de ser un Spielberg del arte, buscando el efectismo y de convertir el arte en un negocio desmedido. Dicen tambi\u00e9n que es mejor que hablen mal de uno a que no hablen en absoluto. Preg\u00fantenselo a Hirst.<\/p>\n<p style=\"text-align: center;\">[email_link]\n","protected":false},"excerpt":{"rendered":"<p>Seg\u00fan el diccionario de la RAEL, &#8216;calavera&#8217; tiene \u00e9stas dos \u00faltimas entradas en su definici\u00f3n: 5. m. Hombre de poco juicio y asiento. 6. m. Hombre dado al libertinaje. \u00bfQu\u00e9 hacemos con Damien Hirst? Despu\u00e9s de demandar a una joven de 16 a\u00f1os, de nombre Cartrain, por usar una de sus obras para un collage que la joven quiso vender[&#8230;]<\/p>\n","protected":false},"author":1,"featured_media":0,"comment_status":"open","ping_status":"open","sticky":false,"template":"","format":"standard","meta":{"footnotes":""},"categories":[10],"tags":[212,443,824,860,3132],"class_list":["post-2065","post","type-post","status-publish","format-standard","hentry","category-la-ciudad-reflexiva","tag-arte","tag-calavera","tag-damien-hirst","tag-demanda","tag-subasta"],"_links":{"self":[{"href":"https:\/\/escribocreativo.com\/blog\/wp-json\/wp\/v2\/posts\/2065","targetHints":{"allow":["GET"]}}],"collection":[{"href":"https:\/\/escribocreativo.com\/blog\/wp-json\/wp\/v2\/posts"}],"about":[{"href":"https:\/\/escribocreativo.com\/blog\/wp-json\/wp\/v2\/types\/post"}],"author":[{"embeddable":true,"href":"https:\/\/escribocreativo.com\/blog\/wp-json\/wp\/v2\/users\/1"}],"replies":[{"embeddable":true,"href":"https:\/\/escribocreativo.com\/blog\/wp-json\/wp\/v2\/comments?post=2065"}],"version-history":[{"count":0,"href":"https:\/\/escribocreativo.com\/blog\/wp-json\/wp\/v2\/posts\/2065\/revisions"}],"wp:attachment":[{"href":"https:\/\/escribocreativo.com\/blog\/wp-json\/wp\/v2\/media?parent=2065"}],"wp:term":[{"taxonomy":"category","embeddable":true,"href":"https:\/\/escribocreativo.com\/blog\/wp-json\/wp\/v2\/categories?post=2065"},{"taxonomy":"post_tag","embeddable":true,"href":"https:\/\/escribocreativo.com\/blog\/wp-json\/wp\/v2\/tags?post=2065"}],"curies":[{"name":"wp","href":"https:\/\/api.w.org\/{rel}","templated":true}]}}