{"id":20750,"date":"2014-09-25T11:27:55","date_gmt":"2014-09-25T10:27:55","guid":{"rendered":"http:\/\/poesiamas.net\/blog\/?p=20750"},"modified":"2015-03-14T00:50:53","modified_gmt":"2015-03-14T00:50:53","slug":"javier-marias-rechazando-premios","status":"publish","type":"post","link":"https:\/\/escribocreativo.com\/blog\/2014\/09\/25\/javier-marias-rechazando-premios\/","title":{"rendered":"Javier Mar\u00edas rechazando premios"},"content":{"rendered":"<p>Vuelve a la carga Mar\u00edas y dice que tampoco aceptar\u00eda el Premio Cervantes, ese que concedieron -se concede, no se gana- a autores como Jorge Guill\u00e9n, Alejo Carpentier, Miguel Delibes, Rafael S\u00e1nchez Ferlosio o Caballero Bonald.<\/p>\n<p>Entre sus motivos, que imagino que ser\u00e1n varios, para rechazar el Nacional de las Letras o un posible Premio Cervantes est\u00e1n el que lo da un gobierno y que, adem\u00e1s, hay autores que considera maestros que jam\u00e1s lo recibieron. \u00bfY c\u00f3mo lo recibir\u00e9 yo, si mis maestros no lo obtuvieron nunca? S\u00famale a todo esto, dice Mar\u00edas, el que autores mediocres, malos o muy malos, lo han ganado.<\/p>\n<p>Bueno, sigue con la l\u00f3gica de su rechazo, hasta ma\u00f1ana, quiz\u00e1s, que puede que piense otra cosa. Y no va con segundas: \u00e9l no lo necesita, pero puede que cambie de idea, viva la entrop\u00eda.<\/p>\n","protected":false},"excerpt":{"rendered":"<p>Vuelve a la carga Mar\u00edas y dice que tampoco aceptar\u00eda el Premio Cervantes, ese que concedieron -se concede, no se gana- a autores como Jorge Guill\u00e9n, Alejo Carpentier, Miguel Delibes, Rafael S\u00e1nchez Ferlosio o Caballero Bonald. Entre sus motivos, que imagino que ser\u00e1n varios, para rechazar el Nacional de las Letras o un posible Premio Cervantes est\u00e1n el que lo[&#8230;]<\/p>\n","protected":false},"author":1,"featured_media":0,"comment_status":"open","ping_status":"open","sticky":false,"template":"","format":"standard","meta":{"footnotes":""},"categories":[3608],"tags":[255,1725,2163,2296,2680,2689,2796],"class_list":["post-20750","post","type-post","status-publish","format-standard","hentry","category-literatura","tag-autores","tag-javier-marias","tag-mediocres","tag-nacional-de-literatura","tag-premio-cervantes","tag-premios","tag-rechazo"],"_links":{"self":[{"href":"https:\/\/escribocreativo.com\/blog\/wp-json\/wp\/v2\/posts\/20750","targetHints":{"allow":["GET"]}}],"collection":[{"href":"https:\/\/escribocreativo.com\/blog\/wp-json\/wp\/v2\/posts"}],"about":[{"href":"https:\/\/escribocreativo.com\/blog\/wp-json\/wp\/v2\/types\/post"}],"author":[{"embeddable":true,"href":"https:\/\/escribocreativo.com\/blog\/wp-json\/wp\/v2\/users\/1"}],"replies":[{"embeddable":true,"href":"https:\/\/escribocreativo.com\/blog\/wp-json\/wp\/v2\/comments?post=20750"}],"version-history":[{"count":0,"href":"https:\/\/escribocreativo.com\/blog\/wp-json\/wp\/v2\/posts\/20750\/revisions"}],"wp:attachment":[{"href":"https:\/\/escribocreativo.com\/blog\/wp-json\/wp\/v2\/media?parent=20750"}],"wp:term":[{"taxonomy":"category","embeddable":true,"href":"https:\/\/escribocreativo.com\/blog\/wp-json\/wp\/v2\/categories?post=20750"},{"taxonomy":"post_tag","embeddable":true,"href":"https:\/\/escribocreativo.com\/blog\/wp-json\/wp\/v2\/tags?post=20750"}],"curies":[{"name":"wp","href":"https:\/\/api.w.org\/{rel}","templated":true}]}}