{"id":2083,"date":"2009-03-10T12:30:23","date_gmt":"2009-03-10T12:30:23","guid":{"rendered":"http:\/\/poesiamas.net\/blog\/?p=2083"},"modified":"2015-03-14T00:51:21","modified_gmt":"2015-03-14T00:51:21","slug":"albert-camus-bodas-y-el-verano","status":"publish","type":"post","link":"https:\/\/escribocreativo.com\/blog\/2009\/03\/10\/albert-camus-bodas-y-el-verano\/","title":{"rendered":"Albert Camus: bodas y el verano"},"content":{"rendered":"<p style=\"text-align: justify;\">\n<p style=\"text-align: justify;\"><a href=\"https:\/\/escribocreativo.com\/blog\/wp-content\/uploads\/2009\/03\/el20verano.jpg\"><img loading=\"lazy\" decoding=\"async\" class=\"alignleft size-full wp-image-2084\" style=\"margin: 5px;\" title=\"el20verano\" src=\"https:\/\/escribocreativo.com\/blog\/wp-content\/uploads\/2009\/03\/el20verano.jpg\" alt=\"el20verano\" width=\"141\" height=\"237\" \/><\/a>Cuando Albert Camus publica <em>Bodas<\/em> (1939), un conjunto de art\u00edculos que inclu\u00edan reflexiones inspiradas por sus lecturas y viajes, ya vislumbra la ruptura entre ser y existencia. Las playas de Argel son las de una ciudad al sol, con olores reconocibles, que no tiene nada de especial pero que puede atarte de por vida a su rutina. En <em>Bodas<\/em> se permea el esp\u00edritu hedonista de Camus.<\/p>\n<p style=\"text-align: justify;\">En <em>El verano<\/em> (1954), otra colecci\u00f3n de trabajos period\u00edsticos, descubrimos la cultura pasmosa y los impulsos vitales del escritor. Ambas, reunidas en un vol\u00famen por Edhasa -que es donde lo he le\u00eddo yo, supongo que estar\u00e1 disponible en otras editoriales-, hablan de uno de los autores m\u00e1s importantes e influyentes del siglo pasado.<\/p>\n<p><script type=\"text\/javascript\"><!--\ngoogle_ad_client = \"pub-8129239002981358\";\n\/* 336x280, creado 3\/11\/08 *\/\ngoogle_ad_slot = \"7958439179\";\ngoogle_ad_width = 336;\ngoogle_ad_height = 280;\n\/\/ --><\/script><!--more--><br \/>\n<script src=\"http:\/\/pagead2.googlesyndication.com\/pagead\/show_ads.js\" type=\"text\/javascript\"><\/script><\/p>\n<blockquote>\n<p style=\"text-align: justify;\">La obra de Camus, caracterizada por un estilo vigoroso y conciso, refleja la <em>philosophie de l&#8217;absurde<\/em>, la sensaci\u00f3n de alienaci\u00f3n y desencanto junto a la afirmaci\u00f3n de las cualidades positivas de la dignidad y la fraternidad humana.<\/p>\n<p style=\"text-align: justify;\">http:\/\/epdlp.com<\/p>\n<\/blockquote>\n<p style=\"text-align: center;\">[email_link]\n","protected":false},"excerpt":{"rendered":"<p>Cuando Albert Camus publica Bodas (1939), un conjunto de art\u00edculos que inclu\u00edan reflexiones inspiradas por sus lecturas y viajes, ya vislumbra la ruptura entre ser y existencia. Las playas de Argel son las de una ciudad al sol, con olores reconocibles, que no tiene nada de especial pero que puede atarte de por vida a su rutina. En Bodas se[&#8230;]<\/p>\n","protected":false},"author":1,"featured_media":0,"comment_status":"open","ping_status":"open","sticky":false,"template":"","format":"standard","meta":{"footnotes":""},"categories":[3608],"tags":[110,381,781,1087,2842],"class_list":["post-2083","post","type-post","status-publish","format-standard","hentry","category-literatura","tag-albert-camus","tag-bodas","tag-critica","tag-el-verano","tag-resena"],"_links":{"self":[{"href":"https:\/\/escribocreativo.com\/blog\/wp-json\/wp\/v2\/posts\/2083","targetHints":{"allow":["GET"]}}],"collection":[{"href":"https:\/\/escribocreativo.com\/blog\/wp-json\/wp\/v2\/posts"}],"about":[{"href":"https:\/\/escribocreativo.com\/blog\/wp-json\/wp\/v2\/types\/post"}],"author":[{"embeddable":true,"href":"https:\/\/escribocreativo.com\/blog\/wp-json\/wp\/v2\/users\/1"}],"replies":[{"embeddable":true,"href":"https:\/\/escribocreativo.com\/blog\/wp-json\/wp\/v2\/comments?post=2083"}],"version-history":[{"count":0,"href":"https:\/\/escribocreativo.com\/blog\/wp-json\/wp\/v2\/posts\/2083\/revisions"}],"wp:attachment":[{"href":"https:\/\/escribocreativo.com\/blog\/wp-json\/wp\/v2\/media?parent=2083"}],"wp:term":[{"taxonomy":"category","embeddable":true,"href":"https:\/\/escribocreativo.com\/blog\/wp-json\/wp\/v2\/categories?post=2083"},{"taxonomy":"post_tag","embeddable":true,"href":"https:\/\/escribocreativo.com\/blog\/wp-json\/wp\/v2\/tags?post=2083"}],"curies":[{"name":"wp","href":"https:\/\/api.w.org\/{rel}","templated":true}]}}