{"id":20861,"date":"2014-12-02T18:42:21","date_gmt":"2014-12-02T18:42:21","guid":{"rendered":"http:\/\/poesiamas.net\/blog\/?p=20861"},"modified":"2014-12-02T18:42:21","modified_gmt":"2014-12-02T18:42:21","slug":"pequenas-victorias-para-el-dia-a-dia","status":"publish","type":"post","link":"https:\/\/escribocreativo.com\/blog\/2014\/12\/02\/pequenas-victorias-para-el-dia-a-dia\/","title":{"rendered":"Peque\u00f1as victorias para el d\u00eda a d\u00eda"},"content":{"rendered":"<p>No s\u00e9 si a ustedes les ocurre que en sus mentes, por azar, brotan una serie de consejos pr\u00e1cticos para mejorar la calidad de vida: la mayor parte de las veces, la \u00edntima. Estas ideas, suspicaces y certeras, las expresamos sin esfuerzo aparente, como si siempre hubieran estado ah\u00ed, aguardando el momento. Leemos, observamos, y, sin que nos lo pidan, ah\u00ed van nuestros aforismos con explicaci\u00f3n incluida, por si acaso. Sentido com\u00fan al cubo.<\/p>\n<p>Pero no lo aplicamos en nuestras propias vida; somos ejecutores de aforismos. \u00a1Qu\u00e9 \u00fatil ser\u00eda poder tomar conciencia de estas verdades fabricadas por nuestras mentes!<\/p>\n<p>Pensando en las actitudes que nos molestan, me he dado cuenta de que una de las m\u00e1s desagradables&#8230; es la de intentar agradar a los dem\u00e1s. En realidad, nos han programado para hacerlo desde lo que se conoce como: educaci\u00f3n. Es complicado desprogramarte, pero cuando lo consigues -y se logra- es como si una gran v\u00e1lvula de escape lanzara un chorro de angustias hacia afuera. Te preguntas, entonces: y por qu\u00e9 me preocupo por lo que piense este o aquel -y a veces acompa\u00f1as el este o aquel con un adjetivo descalificativo-.<\/p>\n<p>Este a\u00f1o he conocido gente maravillosa -nueva- que he a\u00f1adido a mi vida. Pero, para ilustrar este mal que consiste en agradar a los dem\u00e1s, voy al caso: he conocido a una persona que, por ambiente laboral, me tocaba padecer en eso que se conoce como reuniones. Tal persona no sabe d\u00f3nde le queda la mano izquierda, literalmente -aunque para la labor que realiza necesita muy poco, lo puede hacer un becario, y he sido becario, lo digo con amor-, pero, aparte de alg\u00fan episodio al que no le hubiera dado mayor importancia, esta persona no me saluda en ciertos \u00e1mbitos sociales.<\/p>\n<p>Dej\u00e1ndome arrastrar por la sensaci\u00f3n de decoro y educaci\u00f3n, me volv\u00ed a acercar por segunda vez, tras una primera que me result\u00f3 impertinente meses atr\u00e1s. Tal persona no te mira a la cara. Ladea el cuerpo, la mirada le corre vaga, una sonrisa, yo entablezco la conversaci\u00f3n: &#8220;Hola, c\u00f3mo est\u00e1s&#8221;, &#8220;Muy bien&#8221;, y listo. Y me voy inc\u00f3modo. \u00bfQu\u00e9 estar\u00e1 mirando? \u00bfY esa sonrisa inc\u00f3moda y falsa\u00bf?<\/p>\n<p>Esto es bastante desagradable y falto de educaci\u00f3n. Me llama la atenci\u00f3n las personas que no son capaces de establecer v\u00ednculos agradables con los dem\u00e1s, y hasta me irrita.<\/p>\n<p>As\u00ed que mi mente retorcida se pone a imaginar si no me saluda porque se siente en un plano de relaciones sociales superiores -que es lo que a m\u00ed me parece que puede ser- o porque&#8230; porque no sabe. Hay personas, como esta, rondando los cincuenta, si no m\u00e1s, que han tenido la educaci\u00f3n que han tenido y miden la vida por una escala de valores sociales: si tienes un gran cargo, si eres un escritor famoso, si eres su jefe&#8230; son serviles. Si no, hartos de su servilismo, se comportan de manera distante. En el fondo da sentimiento.<\/p>\n<p>Lo que me molestaba, en el fondo, no era tanto caer de nuevo en la misma estupidez, porque perteneciendo a esta especie es lo que toca: es por el enfado que me viene sin necesidad y porque, en definitiva, tengo mil cosas por las que estar m\u00e1s que satisfecho con mi vida.<\/p>\n<p>Y, en el fondo abisal, hay un componente de ego que me brota y que siempre est\u00e1 ah\u00ed, acechando para rebelarse. Muy mal, Julio, muy mal.<\/p>\n<p>As\u00ed que otro aprendizaje para la vida: no actuar para complacer a los dem\u00e1s es liberador y, adem\u00e1s, reduce el ego, aunque parezca lo contrario: este se manifiesta, seg\u00fan mi experiencia, cuando pensamos demasiado en nosotros mismos.<\/p>\n<p>\u00bfTe suena algo de todo esto?<\/p>\n","protected":false},"excerpt":{"rendered":"<p>No s\u00e9 si a ustedes les ocurre que en sus mentes, por azar, brotan una serie de consejos pr\u00e1cticos para mejorar la calidad de vida: la mayor parte de las veces, la \u00edntima. Estas ideas, suspicaces y certeras, las expresamos sin esfuerzo aparente, como si siempre hubieran estado ah\u00ed, aguardando el momento. Leemos, observamos, y, sin que nos lo pidan,[&#8230;]<\/p>\n","protected":false},"author":1,"featured_media":0,"comment_status":"open","ping_status":"open","sticky":false,"template":"","format":"standard","meta":{"footnotes":""},"categories":[10],"tags":[],"class_list":["post-20861","post","type-post","status-publish","format-standard","hentry","category-la-ciudad-reflexiva"],"_links":{"self":[{"href":"https:\/\/escribocreativo.com\/blog\/wp-json\/wp\/v2\/posts\/20861","targetHints":{"allow":["GET"]}}],"collection":[{"href":"https:\/\/escribocreativo.com\/blog\/wp-json\/wp\/v2\/posts"}],"about":[{"href":"https:\/\/escribocreativo.com\/blog\/wp-json\/wp\/v2\/types\/post"}],"author":[{"embeddable":true,"href":"https:\/\/escribocreativo.com\/blog\/wp-json\/wp\/v2\/users\/1"}],"replies":[{"embeddable":true,"href":"https:\/\/escribocreativo.com\/blog\/wp-json\/wp\/v2\/comments?post=20861"}],"version-history":[{"count":0,"href":"https:\/\/escribocreativo.com\/blog\/wp-json\/wp\/v2\/posts\/20861\/revisions"}],"wp:attachment":[{"href":"https:\/\/escribocreativo.com\/blog\/wp-json\/wp\/v2\/media?parent=20861"}],"wp:term":[{"taxonomy":"category","embeddable":true,"href":"https:\/\/escribocreativo.com\/blog\/wp-json\/wp\/v2\/categories?post=20861"},{"taxonomy":"post_tag","embeddable":true,"href":"https:\/\/escribocreativo.com\/blog\/wp-json\/wp\/v2\/tags?post=20861"}],"curies":[{"name":"wp","href":"https:\/\/api.w.org\/{rel}","templated":true}]}}