{"id":20889,"date":"2014-12-09T20:28:34","date_gmt":"2014-12-09T20:28:34","guid":{"rendered":"http:\/\/poesiamas.net\/blog\/?p=20889"},"modified":"2015-03-14T00:53:43","modified_gmt":"2015-03-14T00:53:43","slug":"harold-bloom-y-la-literatura-que-leemos","status":"publish","type":"post","link":"https:\/\/escribocreativo.com\/blog\/2014\/12\/09\/harold-bloom-y-la-literatura-que-leemos\/","title":{"rendered":"Harold Bloom y la literatura que leemos"},"content":{"rendered":"<p>No me parece que en la literatura contempor\u00e1nea, ya sea en ingl\u00e9s, en Estados Unidos, en espa\u00f1ol, catal\u00e1n, franc\u00e9s, italiano, en las lenguas eslavas, haya nada radicalmente nuevo. No hay grandes poetas como Paul Val\u00e9ry, Georg Trakl, Giuseppe Ungaretti y mi predilecto entre los espa\u00f1oles, Luis Cernuda, o novelistas como Marcel Proust, James Joyce, Franz Kafka y Beckett, el \u00faltimo de la gran estirpe. Borges era fascinante, pero no un creador.<\/p>\n<p style=\"text-align: right;\">Harold Bloom<\/p>\n","protected":false},"excerpt":{"rendered":"<p>No me parece que en la literatura contempor\u00e1nea, ya sea en ingl\u00e9s, en Estados Unidos, en espa\u00f1ol, catal\u00e1n, franc\u00e9s, italiano, en las lenguas eslavas, haya nada radicalmente nuevo. No hay grandes poetas como Paul Val\u00e9ry, Georg Trakl, Giuseppe Ungaretti y mi predilecto entre los espa\u00f1oles, Luis Cernuda, o novelistas como Marcel Proust, James Joyce, Franz Kafka y Beckett, el \u00faltimo[&#8230;]<\/p>\n","protected":false},"author":1,"featured_media":0,"comment_status":"open","ping_status":"open","sticky":false,"template":"","format":"quote","meta":{"footnotes":""},"categories":[3561],"tags":[306,1181,1363,1417,1435,1514,1713,1921,1963,1989,2033,2110,2523],"class_list":["post-20889","post","type-post","status-publish","format-quote","hentry","category-escritura-creativa","tag-beckett","tag-escritores","tag-franz-kafka","tag-georg-trakl","tag-giuseppe-ungaretti","tag-harold-bloom","tag-james-joyce","tag-lectores","tag-libros","tag-la-ciudad-y-las-letras","tag-luis-cernuda","tag-marcel-proust","tag-paul-valery","post_format-post-format-quote"],"_links":{"self":[{"href":"https:\/\/escribocreativo.com\/blog\/wp-json\/wp\/v2\/posts\/20889","targetHints":{"allow":["GET"]}}],"collection":[{"href":"https:\/\/escribocreativo.com\/blog\/wp-json\/wp\/v2\/posts"}],"about":[{"href":"https:\/\/escribocreativo.com\/blog\/wp-json\/wp\/v2\/types\/post"}],"author":[{"embeddable":true,"href":"https:\/\/escribocreativo.com\/blog\/wp-json\/wp\/v2\/users\/1"}],"replies":[{"embeddable":true,"href":"https:\/\/escribocreativo.com\/blog\/wp-json\/wp\/v2\/comments?post=20889"}],"version-history":[{"count":0,"href":"https:\/\/escribocreativo.com\/blog\/wp-json\/wp\/v2\/posts\/20889\/revisions"}],"wp:attachment":[{"href":"https:\/\/escribocreativo.com\/blog\/wp-json\/wp\/v2\/media?parent=20889"}],"wp:term":[{"taxonomy":"category","embeddable":true,"href":"https:\/\/escribocreativo.com\/blog\/wp-json\/wp\/v2\/categories?post=20889"},{"taxonomy":"post_tag","embeddable":true,"href":"https:\/\/escribocreativo.com\/blog\/wp-json\/wp\/v2\/tags?post=20889"}],"curies":[{"name":"wp","href":"https:\/\/api.w.org\/{rel}","templated":true}]}}