{"id":2270,"date":"2009-04-18T03:51:41","date_gmt":"2009-04-18T03:51:41","guid":{"rendered":"http:\/\/poesiamas.net\/blog\/?p=2270"},"modified":"2015-03-11T13:57:42","modified_gmt":"2015-03-11T13:57:42","slug":"la-f1-no-es-un-deporte","status":"publish","type":"post","link":"https:\/\/escribocreativo.com\/blog\/2009\/04\/18\/la-f1-no-es-un-deporte\/","title":{"rendered":"La F1 NO es un deporte"},"content":{"rendered":"<p style=\"text-align: justify;\"><a href=\"https:\/\/escribocreativo.com\/blog\/wp-content\/uploads\/2009\/04\/gp_2.png\"><img loading=\"lazy\" decoding=\"async\" class=\"alignleft size-medium wp-image-2271\" style=\"margin: 5px;\" title=\"gp_2\" src=\"https:\/\/escribocreativo.com\/blog\/wp-content\/uploads\/2009\/04\/gp_2-300x187.png\" alt=\"gp_2\" width=\"300\" height=\"187\" \/><\/a>A prop\u00f3sito de <a href=\"https:\/\/escribocreativo.com\/blog\/2009\/02\/17\/pau-gasol-y-el-all-star\/\">mi art\u00edculo sobre Paul Gasol<\/a>, donde comento, entre otras cosas, que habr\u00eda que considerar su candidatura -cuando acabe su carrera- al mejor deportista espa\u00f1ol, al menos, de estas d\u00e9cadas, dej\u00e9 a medias algo que siempre quise comentar.<\/p>\n<p style=\"text-align: justify;\">Y es que la F1 no es un deporte.<\/p>\n<p style=\"text-align: justify;\">No, no lo es.<\/p>\n<p style=\"text-align: justify;\">Y ahora argumentar\u00e9 el porqu\u00e9.<\/p>\n<p style=\"text-align: justify;\">Este a\u00f1o, sin ir m\u00e1s lejos, una nueva pol\u00e9mica con los difusores que, <a href=\"http:\/\/www.el-universal.com.mx\/notas\/590989.html\" target=\"_blank\">presuntamente, eran ilegales<\/a>.  Dicen los que entienden que da una ventaja demasiado grande a Brawn GP y Toyota, de hasta <a href=\"http:\/\/www.cadenaser.com\/deportes\/articulo\/f1-pendiente-difusor-milagroso\/csrcsrpor\/20090331csrcsrdep_11\/Tes\" target=\"_blank\">medio segundo por vuelta<\/a>, tal vez un poco m\u00e1s.<!--more--><\/p>\n<p style=\"text-align: justify;\">\u00bfEntonces, la brillantez en el pilotaje -sigo sin ver deporte en esto de pilotar, es un dominio t\u00e9cnico de una m\u00e1quina creada por el hombre- no es decisiva?<\/p>\n<p style=\"text-align: justify;\">Vaya. Resulta que necesitamos igualdad de condiciones para que podamos dilucidar qui\u00e9n es el mejor piloto que puede llevar una m\u00e1quina a m\u00e1s velocidad y sorteando t\u00e9cnica y t\u00e1cticamente a otras m\u00e1quinas, conducidas, igualmente, por otros pilotos.<\/p>\n<p style=\"text-align: justify;\">No es lo mismo subir el L&#8217;angliru o ganar el Tour de Francia, que coger una moto y ver qui\u00e9n llega antes -teniendo en cuenta que todas sean iguales, \u00bfo la diferencia de velocidad se puede contrarrestar con un buen piloto?<\/p>\n<p style=\"text-align: justify;\">Hasta cierto punto. Si en cada vuelta una moto saca a otra un segundo, por ejemplo, en diez vueltas le sacar\u00eda diez segundos. Ser\u00eda imposible batirla.<\/p>\n<p style=\"text-align: justify;\">Cuando dicen que Fernando Alonso es uno de los mejores deportistas espa\u00f1oles, pienso en un t\u00e9cnico de laboratorio que domina los complejos aparatos que maneja, o en un gran programador dise\u00f1ando un arquitectura compleja para una aplicaci\u00f3n.<\/p>\n<p style=\"text-align: justify;\">Que veinte, cien o mil millones de personas se sientan a ver la F1 no le da a la misma la cualidad de deporte. El deporte es el atletismo, el baloncesto, el tenis, el ajedrez, el snowboard, el ciclismo, etc. \u00bfEn las Olimpiadas hay F1?<\/p>\n<p style=\"text-align: justify;\">Puede resultar visualmente impactante, y ser un gran negocio. Pero el circo tambi\u00e9n es impactante y no por eso decimos que los acr\u00f3batas son deportistas: aunque dominan una t\u00e9cnica, realizan las acrobacias con su cuerpo y tienen un riesgo para su vida.<\/p>\n<p style=\"text-align: justify;\">Y, para rematar, que le otorgaran a Fernando Alonso el Pr\u00edncipe de Asturias en 2005 s\u00f3lo por haber ganado UN campeonato del mundo, por m\u00e1s que en nuestro pa\u00eds suponga un hito en ese \u00bfespect\u00e1culo?, dice bien poco del citado premio. No tengo nada contra el piloto espa\u00f1ol; s\u00f3lo quiero comentar mi descontento con ese lema del &#8220;todo vale&#8221;. No, todo no vale. Y la F1 no es deporte. Es como ver al Discovery surcar la estratosfera; lleva pilotos, es espectacular y, si no hay desgracias humanas, encima uno se emociona.<\/p>\n<p style=\"text-align: center;\">[email_link]\n","protected":false},"excerpt":{"rendered":"<p>A prop\u00f3sito de mi art\u00edculo sobre Paul Gasol, donde comento, entre otras cosas, que habr\u00eda que considerar su candidatura -cuando acabe su carrera- al mejor deportista espa\u00f1ol, al menos, de estas d\u00e9cadas, dej\u00e9 a medias algo que siempre quise comentar. Y es que la F1 no es un deporte. No, no lo es. Y ahora argumentar\u00e9 el porqu\u00e9. Este a\u00f1o,[&#8230;]<\/p>\n","protected":false},"author":1,"featured_media":0,"comment_status":"open","ping_status":"open","sticky":false,"template":"","format":"standard","meta":{"footnotes":""},"categories":[10],"tags":[1265,1303,1856],"class_list":["post-2270","post","type-post","status-publish","format-standard","hentry","category-la-ciudad-reflexiva","tag-f1","tag-fernando-alonso","tag-la-f1-no-es-deporte"],"_links":{"self":[{"href":"https:\/\/escribocreativo.com\/blog\/wp-json\/wp\/v2\/posts\/2270","targetHints":{"allow":["GET"]}}],"collection":[{"href":"https:\/\/escribocreativo.com\/blog\/wp-json\/wp\/v2\/posts"}],"about":[{"href":"https:\/\/escribocreativo.com\/blog\/wp-json\/wp\/v2\/types\/post"}],"author":[{"embeddable":true,"href":"https:\/\/escribocreativo.com\/blog\/wp-json\/wp\/v2\/users\/1"}],"replies":[{"embeddable":true,"href":"https:\/\/escribocreativo.com\/blog\/wp-json\/wp\/v2\/comments?post=2270"}],"version-history":[{"count":0,"href":"https:\/\/escribocreativo.com\/blog\/wp-json\/wp\/v2\/posts\/2270\/revisions"}],"wp:attachment":[{"href":"https:\/\/escribocreativo.com\/blog\/wp-json\/wp\/v2\/media?parent=2270"}],"wp:term":[{"taxonomy":"category","embeddable":true,"href":"https:\/\/escribocreativo.com\/blog\/wp-json\/wp\/v2\/categories?post=2270"},{"taxonomy":"post_tag","embeddable":true,"href":"https:\/\/escribocreativo.com\/blog\/wp-json\/wp\/v2\/tags?post=2270"}],"curies":[{"name":"wp","href":"https:\/\/api.w.org\/{rel}","templated":true}]}}