{"id":2304,"date":"2009-05-03T05:33:23","date_gmt":"2009-05-03T05:33:23","guid":{"rendered":"http:\/\/poesiamas.net\/blog\/?p=2304"},"modified":"2015-03-14T00:51:20","modified_gmt":"2015-03-14T00:51:20","slug":"benedetti-estoy-jodido","status":"publish","type":"post","link":"https:\/\/escribocreativo.com\/blog\/2009\/05\/03\/benedetti-estoy-jodido\/","title":{"rendered":"Benedetti: estoy jodido"},"content":{"rendered":"<p style=\"text-align: justify;\"><a href=\"https:\/\/escribocreativo.com\/blog\/wp-content\/uploads\/2009\/05\/benedetti.jpg\"><img loading=\"lazy\" decoding=\"async\" class=\"alignleft size-full wp-image-2305\" style=\"margin: 5px;\" title=\"benedetti\" src=\"https:\/\/escribocreativo.com\/blog\/wp-content\/uploads\/2009\/05\/benedetti.jpg\" alt=\"benedetti\" width=\"266\" height=\"200\" \/><\/a>Mario: est\u00e1s en el hospital y parece que te recuperas. Pero tu estado no es del todo prometedor. Tienes ya una edad y esperamos todos que sigas vivo. Tenerte vivo para siempre es imposible, lo sabemos. No buscamos milagros. Pero el milagrito de que te salves de este problema s\u00ed.<\/p>\n<p style=\"text-align: justify;\">Te cuento que estoy jodido. No recuerdo exactamente cu\u00e1ndo comenc\u00e9 a escribir prosa. Pero s\u00ed s\u00e9 que mis primeros relatitos estaban inspirados en los tuyos. <em>Geograf\u00edas<\/em> y <em>Despistes y franquezas<\/em> fueron mis primeros libros tuyos en prosa. \u00bfLa culpa? La tuvo, c\u00f3mo no, <em>Inventario<\/em>, que luego fue <em>Inventario I<\/em> -ya que sacastes el II y luego <em>Viento del exilio<\/em>, si no recuerdo mal. Me le\u00ed el primero y el tercero. Con tu prosa descubr\u00ed la imaginaci\u00f3n y el ingenio al servicio de la historia. \u00a1As\u00ed que no me jodas!<!--more--><\/p>\n<p style=\"text-align: justify;\"><em>Inventario<\/em> fue una gran excusa para la poes\u00eda. A partir del asombro y de tu capacidad para conectar, gracias a tu cuidado y llano, en apariencia, lenguaje, con gentes de todas las clases sociales, me d\u00ed una ducha de poes\u00eda. Pero luego, Mario, descubr\u00ed que escrib\u00edas prosa. Y que \u00e9sta era tan buena, o mejor, que tu poes\u00eda.<\/p>\n<p style=\"text-align: justify;\">Y ahora me tienes aqu\u00ed, jodido, con el coraz\u00f3n en un pu\u00f1o, pensando en que igual te mueres y me abandonas. Te cambio gustoso todos tus libros, aunque eso tambi\u00e9n te joda, por la esperanza de que cualquier d\u00eda vuelvas a escribir tus primeras l\u00edneas. Es el acto de creaci\u00f3n, cuando est\u00e1s luchando fatigosamente contra la hoja en blanco, lo que te hace grande, Mario.<\/p>\n<p style=\"text-align: justify;\">Dicen que cuando muri\u00f3 Jimmy Hendrix, Mark Knopfler dej\u00f3 el peri\u00f3dico donde trabajaba como cr\u00edtico musical y que fue decisivo para que formara su grupo, Dire Straits. Mario, yo no necesito que hagas esa pendejada para que me decida a publicar en una editorial o presente manuscritos al Nadal o el Primavera de Novela.<\/p>\n<p style=\"text-align: justify;\">C\u00f3mo voy a contenerme las l\u00e1grimas si ya no lo hago y resulta que s\u00f3lo est\u00e1s convaleciente. Mario recup\u00e9rate, revisa tu biograf\u00eda, come helado de vainilla que tanto te gusta y luego lev\u00e1ntate como L\u00e1zaro y camina.<\/p>\n<p>Cualquier cosa. Pero deja de joderme, \u00bfvale Mario? Deja de joderme.<\/p>\n<p style=\"text-align: center;\">[email_link]\n","protected":false},"excerpt":{"rendered":"<p>Mario: est\u00e1s en el hospital y parece que te recuperas. Pero tu estado no es del todo prometedor. Tienes ya una edad y esperamos todos que sigas vivo. Tenerte vivo para siempre es imposible, lo sabemos. No buscamos milagros. Pero el milagrito de que te salves de este problema s\u00ed. Te cuento que estoy jodido. No recuerdo exactamente cu\u00e1ndo comenc\u00e9[&#8230;]<\/p>\n","protected":false},"author":1,"featured_media":0,"comment_status":"open","ping_status":"open","sticky":false,"template":"","format":"standard","meta":{"footnotes":""},"categories":[3608],"tags":[2119],"class_list":["post-2304","post","type-post","status-publish","format-standard","hentry","category-literatura","tag-mario-benedetti"],"_links":{"self":[{"href":"https:\/\/escribocreativo.com\/blog\/wp-json\/wp\/v2\/posts\/2304","targetHints":{"allow":["GET"]}}],"collection":[{"href":"https:\/\/escribocreativo.com\/blog\/wp-json\/wp\/v2\/posts"}],"about":[{"href":"https:\/\/escribocreativo.com\/blog\/wp-json\/wp\/v2\/types\/post"}],"author":[{"embeddable":true,"href":"https:\/\/escribocreativo.com\/blog\/wp-json\/wp\/v2\/users\/1"}],"replies":[{"embeddable":true,"href":"https:\/\/escribocreativo.com\/blog\/wp-json\/wp\/v2\/comments?post=2304"}],"version-history":[{"count":0,"href":"https:\/\/escribocreativo.com\/blog\/wp-json\/wp\/v2\/posts\/2304\/revisions"}],"wp:attachment":[{"href":"https:\/\/escribocreativo.com\/blog\/wp-json\/wp\/v2\/media?parent=2304"}],"wp:term":[{"taxonomy":"category","embeddable":true,"href":"https:\/\/escribocreativo.com\/blog\/wp-json\/wp\/v2\/categories?post=2304"},{"taxonomy":"post_tag","embeddable":true,"href":"https:\/\/escribocreativo.com\/blog\/wp-json\/wp\/v2\/tags?post=2304"}],"curies":[{"name":"wp","href":"https:\/\/api.w.org\/{rel}","templated":true}]}}