{"id":2486,"date":"2009-05-09T14:52:41","date_gmt":"2009-05-09T14:52:41","guid":{"rendered":"http:\/\/poesiamas.net\/blog\/?p=2486"},"modified":"2015-03-14T00:51:20","modified_gmt":"2015-03-14T00:51:20","slug":"del-espiritu-de-una-revista","status":"publish","type":"post","link":"https:\/\/escribocreativo.com\/blog\/2009\/05\/09\/del-espiritu-de-una-revista\/","title":{"rendered":"Del esp\u00edritu de una revista"},"content":{"rendered":"<p style=\"text-align: justify;\">Cuando comenc\u00e9 a crear <a href=\"http:\/\/escribocreativo.com\" target=\"_blank\">escribocreativo.com<\/a> (que por aquel entonces comenzaba en Geocities y ten\u00eda otro nombre: Arte: las letras no son aburridas), all\u00e1 por el 98, era un chico muy t\u00edmido que no estaba nada seguro de si lo que escrib\u00eda val\u00eda la pena -\u00a1anda, como ahora!-.<\/p>\n<p style=\"text-align: justify;\">Y me dije: seguro que hay mucha gente como yo que se dedica a esto de escribir. Y \u00bfporqu\u00e9 no crear un espacio con las cosas que me gustan y publicar a gente que desea compartir sus textos y que sean le\u00eddos?<\/p>\n<p style=\"text-align: justify;\">Y de ah\u00ed naci\u00f3 Arte: las letras no son aburridas hasta llegar a <a href=\"http:\/\/escribocreativo.com\" target=\"_blank\">Poes\u00eda+Letras<\/a>. Desde hac\u00eda tiempo me rondaba dar un salto. Y lleg\u00f3 este a\u00f1o. Una vez me involucr\u00e9 en desarrollar el proyecto, decid\u00ed que ya no deseaba volver a lo de antes: gente an\u00f3nima que publicaba sus textos y eran le\u00eddos -o no- en la red, de forma gratuita.<!--more--><\/p>\n<p style=\"text-align: justify;\">Entonces descubr\u00ed <a href=\"http:\/\/joomla.org\" target=\"_blank\">Joomla<\/a>, considerado el a\u00f1o pasado el mejor gestor de contenidos. Es c\u00f3digo abierto, es decir, no hay una gran empresa, como <a href=\"http:\/\/sun.com\" target=\"_blank\">Sun<\/a>, cuidando su arquitectura. Por eso tiene sus ventajas y sus inconvenientes. Ventajas: la funcionalidad. Inconvenientes: errores impredecibles. Pero todo, con paciencia, se soluciona.<\/p>\n<p style=\"text-align: justify;\">El caso es que yo entiendo que hay gente que solo desea publicar sin m\u00e1s. Yo lo respeto. Pero en mi revista, la actual, busco gente que tambi\u00e9n, con paciencia, con esp\u00edritu de compartir, desee leer a otros que, por m\u00e1s que viva en su torre de marfil, est\u00e1n a su altura como escritores o poetas. Y los que no quiz\u00e1 alg\u00fan d\u00eda lleguen, y, despu\u00e9s de todo, \u00bfes tan importante?<\/p>\n<p style=\"text-align: justify;\">Siempre he pensado que el mundo virtual es aparte del &#8220;f\u00edsico&#8221;. Es decir, que uno puede ser competitivo, presentarse a premios, intentar publicar por medio de una editorial, porque tiene ese impulso vital, demon\u00edaco, de comunicaci\u00f3n, de llegar a otros mediante su escritura.<\/p>\n<p style=\"text-align: justify;\">Perfecto. Pero en este \u00e1mbito de comunicaci\u00f3n, creo que la idea de combinar la creaci\u00f3n literaria con la lectura de otros tiene un car\u00e1cter de &#8220;taller de escritura&#8221;. Por eso he inclu\u00eddo las secciones que he dise\u00f1ado, propongo lecturas, se crean secciones con inspiraci\u00f3n en el foro&#8230;<\/p>\n<p style=\"text-align: justify;\">En definitiva, que no se le pone a nadie una pistola en la cabeza, pero s\u00ed que se entienda el esp\u00edritu de construir, de compartir, de comentar, como algo natural, sin premeditaci\u00f3n. Si un escritor pretende publicar sus textos y aparecer por la revista cada dos meses, sin curiosidad por lo que escribe alguien m\u00e1s, no es una pol\u00edtica que se identifique con la revista.<\/p>\n<p style=\"text-align: justify;\">Por supuesto, hay casos particulares. Cada uno tiene sus prioridades. Pero mi llamada era una mera cuesti\u00f3n de motivaci\u00f3n, de alentar a leer a otros.<\/p>\n<p style=\"text-align: justify;\">Espero que se haya entendido porque ha sido un poco frustrante encontrar quien no disfruta ni ve la literatura sino como una m\u00e1quina de fabricar textos cuyo fin es el lector, sin m\u00e1s. El arte por el arte, yo lo apoyo, pero creo que el mundo es muy amplio para que cada uno articule sus proyectos desde su propia perspectiva literaria. Es una postura respetable, pero no la comprendo, ni la comparto.<\/p>\n<p style=\"text-align: justify;\">Un abrazo y agradecido por contar con la colaboraci\u00f3n de todos, da igual la medida que les apetezca o puedan dar siempre que encuentren un lugar, en\u00a0 su tiempo, para relacionarse con otros.<\/p>\n<p>Jules.<\/p>\n","protected":false},"excerpt":{"rendered":"<p>Cuando comenc\u00e9 a crear escribocreativo.com (que por aquel entonces comenzaba en Geocities y ten\u00eda otro nombre: Arte: las letras no son aburridas), all\u00e1 por el 98, era un chico muy t\u00edmido que no estaba nada seguro de si lo que escrib\u00eda val\u00eda la pena -\u00a1anda, como ahora!-. Y me dije: seguro que hay mucha gente como yo que se dedica[&#8230;]<\/p>\n","protected":false},"author":1,"featured_media":0,"comment_status":"open","ping_status":"open","sticky":false,"template":"","format":"standard","meta":{"footnotes":""},"categories":[3608],"tags":[1202,2861],"class_list":["post-2486","post","type-post","status-publish","format-standard","hentry","category-literatura","tag-espiritu","tag-revista-literaria"],"_links":{"self":[{"href":"https:\/\/escribocreativo.com\/blog\/wp-json\/wp\/v2\/posts\/2486","targetHints":{"allow":["GET"]}}],"collection":[{"href":"https:\/\/escribocreativo.com\/blog\/wp-json\/wp\/v2\/posts"}],"about":[{"href":"https:\/\/escribocreativo.com\/blog\/wp-json\/wp\/v2\/types\/post"}],"author":[{"embeddable":true,"href":"https:\/\/escribocreativo.com\/blog\/wp-json\/wp\/v2\/users\/1"}],"replies":[{"embeddable":true,"href":"https:\/\/escribocreativo.com\/blog\/wp-json\/wp\/v2\/comments?post=2486"}],"version-history":[{"count":0,"href":"https:\/\/escribocreativo.com\/blog\/wp-json\/wp\/v2\/posts\/2486\/revisions"}],"wp:attachment":[{"href":"https:\/\/escribocreativo.com\/blog\/wp-json\/wp\/v2\/media?parent=2486"}],"wp:term":[{"taxonomy":"category","embeddable":true,"href":"https:\/\/escribocreativo.com\/blog\/wp-json\/wp\/v2\/categories?post=2486"},{"taxonomy":"post_tag","embeddable":true,"href":"https:\/\/escribocreativo.com\/blog\/wp-json\/wp\/v2\/tags?post=2486"}],"curies":[{"name":"wp","href":"https:\/\/api.w.org\/{rel}","templated":true}]}}