{"id":2548,"date":"2009-05-13T16:35:24","date_gmt":"2009-05-13T15:35:24","guid":{"rendered":"http:\/\/poesiamas.net\/blog\/?p=2548"},"modified":"2015-03-11T13:31:53","modified_gmt":"2015-03-11T13:31:53","slug":"manifiesto-antiprimaveral","status":"publish","type":"post","link":"https:\/\/escribocreativo.com\/blog\/2009\/05\/13\/manifiesto-antiprimaveral\/","title":{"rendered":"Manifiesto antiprimaveral"},"content":{"rendered":"<p style=\"text-align: justify;\">[audio:https:\/\/escribocreativo.com\/blog\/wp-content\/uploads\/2009\/05\/silvitavivaldiinvierno.mp3]\n<p style=\"text-align: justify;\">Si hay algo que nos jode de la primavera, es su alma de escala de grises, su m\u00fasica meliflua, el sinsabor del justo equilibrio de una savia agridulce. En la primavera amanecen las florecillas como ruise\u00f1ores multicolores, mientras en las cuevas a\u00fan comienzan a desperezarse del letargo las osas voraces. \u00bfAlguna vez se ha visto tanto equ\u00edvoco?<\/p>\n<p style=\"text-align: justify;\">Todo en la primavera es una joda, una broma de mal gusto, una epifan\u00eda de cambalache, una alergia, un mal mayor.<\/p>\n<p style=\"text-align: justify;\">Para que la vieja hilandera, con su chal arrugado y su pa\u00f1uelo atado en la barbilla, guardiana que hila los tiempos y las estaciones en una rueca dorada y un huso de la madera del \u00e1rbol del pecado, deje de susurrar, en su silla de mimbre, a los hombres; y hechizarlos con esos hermosos cantos, anunciando lo que ya no es maravilloso, la justa medida del desencanto; para que as\u00ed conste, unidos por la ira, la melancol\u00eda y el pensamiento reflexivo, nosotros, el verano, el oto\u00f1o y el invierno.<\/p>\n<p style=\"text-align: justify;\">\n<p><a rel=\"license\" href=\"http:\/\/creativecommons.org\/licenses\/by-nc-nd\/3.0\/es\/\"><img decoding=\"async\" style=\"border-width:0\" src=\"http:\/\/i.creativecommons.org\/l\/by-nc-nd\/3.0\/es\/88x31.png\" alt=\"Creative Commons License\" \/><\/a><br \/>\nEsta <span>obra<\/span> est\u00e1 bajo una <a rel=\"license\" href=\"http:\/\/creativecommons.org\/licenses\/by-nc-nd\/3.0\/es\/\">licencia de Creative Commons<\/a><\/p>\n<p style=\"text-align: center;\">[email_link]\n","protected":false},"excerpt":{"rendered":"<p>[audio:https:\/\/escribocreativo.com\/blog\/wp-content\/uploads\/2009\/05\/silvitavivaldiinvierno.mp3] Si hay algo que nos jode de la primavera, es su alma de escala de grises, su m\u00fasica meliflua, el sinsabor del justo equilibrio de una savia agridulce. En la primavera amanecen las florecillas como ruise\u00f1ores multicolores, mientras en las cuevas a\u00fan comienzan a desperezarse del letargo las osas voraces. \u00bfAlguna vez se ha visto tanto equ\u00edvoco? Todo en[&#8230;]<\/p>\n","protected":false},"author":1,"featured_media":0,"comment_status":"open","ping_status":"open","sticky":false,"template":"","format":"standard","meta":{"footnotes":""},"categories":[7],"tags":[1210,2703,2827,3452],"class_list":["post-2548","post","type-post","status-publish","format-standard","hentry","category-relatos","tag-estaciones","tag-primavera","tag-relato","tag-vivaldi"],"_links":{"self":[{"href":"https:\/\/escribocreativo.com\/blog\/wp-json\/wp\/v2\/posts\/2548","targetHints":{"allow":["GET"]}}],"collection":[{"href":"https:\/\/escribocreativo.com\/blog\/wp-json\/wp\/v2\/posts"}],"about":[{"href":"https:\/\/escribocreativo.com\/blog\/wp-json\/wp\/v2\/types\/post"}],"author":[{"embeddable":true,"href":"https:\/\/escribocreativo.com\/blog\/wp-json\/wp\/v2\/users\/1"}],"replies":[{"embeddable":true,"href":"https:\/\/escribocreativo.com\/blog\/wp-json\/wp\/v2\/comments?post=2548"}],"version-history":[{"count":0,"href":"https:\/\/escribocreativo.com\/blog\/wp-json\/wp\/v2\/posts\/2548\/revisions"}],"wp:attachment":[{"href":"https:\/\/escribocreativo.com\/blog\/wp-json\/wp\/v2\/media?parent=2548"}],"wp:term":[{"taxonomy":"category","embeddable":true,"href":"https:\/\/escribocreativo.com\/blog\/wp-json\/wp\/v2\/categories?post=2548"},{"taxonomy":"post_tag","embeddable":true,"href":"https:\/\/escribocreativo.com\/blog\/wp-json\/wp\/v2\/tags?post=2548"}],"curies":[{"name":"wp","href":"https:\/\/api.w.org\/{rel}","templated":true}]}}