{"id":2721,"date":"2009-05-26T18:21:02","date_gmt":"2009-05-26T18:21:02","guid":{"rendered":"http:\/\/poesiamas.net\/blog\/?p=2721"},"modified":"2009-05-26T18:21:02","modified_gmt":"2009-05-26T18:21:02","slug":"perspectivas","status":"publish","type":"post","link":"https:\/\/escribocreativo.com\/blog\/2009\/05\/26\/perspectivas\/","title":{"rendered":"Perspectivas"},"content":{"rendered":"<p style=\"text-align: center;\"><a href=\"https:\/\/escribocreativo.com\/blog\/wp-content\/uploads\/2009\/05\/cocutcn_081.jpg\"><\/a><\/p>\n<p style=\"text-align: center;\"><a href=\"https:\/\/escribocreativo.com\/blog\/wp-content\/uploads\/2009\/05\/cocutcn_081.jpg\"><img loading=\"lazy\" decoding=\"async\" class=\"size-medium wp-image-2723 aligncenter\" title=\"cocutcn_081\" src=\"https:\/\/escribocreativo.com\/blog\/wp-content\/uploads\/2009\/05\/cocutcn_081-300x217.jpg\" alt=\"cocutcn_081\" width=\"300\" height=\"217\" \/><\/a><\/p>\n<p style=\"text-align: center;\">Pasado  &#8212;-&gt; <strong>Presente<\/strong> &#8212;-&gt; Futuro.    \ud83d\ude42<\/p>\n<p><strong> \u2753 \u00bfD\u00f3nde nos encontramos ahora? <\/strong><\/p>\n<p>En el presente -esto es m\u00e1s que debatible, pero hagamos un esfuerzo realista para no sucumbir a la locura-.<\/p>\n<p>El Pasado, por definici\u00f3n, ya sucedi\u00f3, se fue, es historia, y se aleja cada vez m\u00e1s.<\/p>\n<p>As\u00ed que:<\/p>\n<p><strong> \ud83d\udca1 \u00bfpor qu\u00e9 insistes en colocar el PASADO en el PRESENTE? \u00bfAdicto a <em>Regreso al futuro<\/em>?<\/strong><\/p>\n<p><a href=\"https:\/\/escribocreativo.com\/blog\/wp-content\/uploads\/2009\/05\/futur3.jpg\"><img loading=\"lazy\" decoding=\"async\" class=\"aligncenter size-medium wp-image-2732\" title=\"futur3\" src=\"https:\/\/escribocreativo.com\/blog\/wp-content\/uploads\/2009\/05\/futur3-300x240.jpg\" alt=\"futur3\" width=\"300\" height=\"240\" \/><\/a><!--more--><\/p>\n<p style=\"text-align: center;\">Presente  &#8212;-&gt; <strong>Pasado<\/strong> &#8212;-&gt; Futuro.    :-((<\/p>\n<p>\ud83d\ude00<\/p>\n<p>De nada. \ud83d\ude09<\/p>\n<p>\u00datil para (entre otras m\u00faltiples cosas): olvidar amores, pasar de insultos, dejar de autoflagelarnos por errores, avanzar en busca de nuevos caminos y querernos por lo que somos ahora&#8230;<\/p>\n<p style=\"text-align: center;\">[email_link]\n","protected":false},"excerpt":{"rendered":"<p>Pasado &#8212;-&gt; Presente &#8212;-&gt; Futuro. \ud83d\ude42 \u2753 \u00bfD\u00f3nde nos encontramos ahora? En el presente -esto es m\u00e1s que debatible, pero hagamos un esfuerzo realista para no sucumbir a la locura-. El Pasado, por definici\u00f3n, ya sucedi\u00f3, se fue, es historia, y se aleja cada vez m\u00e1s. As\u00ed que: \ud83d\udca1 \u00bfpor qu\u00e9 insistes en colocar el PASADO en el PRESENTE? \u00bfAdicto[&#8230;]<\/p>\n","protected":false},"author":1,"featured_media":0,"comment_status":"open","ping_status":"open","sticky":false,"template":"","format":"standard","meta":{"footnotes":""},"categories":[10],"tags":[427,1384,2510,2573,2695],"class_list":["post-2721","post","type-post","status-publish","format-standard","hentry","category-la-ciudad-reflexiva","tag-cabezoneria","tag-futuro","tag-pasado","tag-perspectivas","tag-presente"],"_links":{"self":[{"href":"https:\/\/escribocreativo.com\/blog\/wp-json\/wp\/v2\/posts\/2721","targetHints":{"allow":["GET"]}}],"collection":[{"href":"https:\/\/escribocreativo.com\/blog\/wp-json\/wp\/v2\/posts"}],"about":[{"href":"https:\/\/escribocreativo.com\/blog\/wp-json\/wp\/v2\/types\/post"}],"author":[{"embeddable":true,"href":"https:\/\/escribocreativo.com\/blog\/wp-json\/wp\/v2\/users\/1"}],"replies":[{"embeddable":true,"href":"https:\/\/escribocreativo.com\/blog\/wp-json\/wp\/v2\/comments?post=2721"}],"version-history":[{"count":0,"href":"https:\/\/escribocreativo.com\/blog\/wp-json\/wp\/v2\/posts\/2721\/revisions"}],"wp:attachment":[{"href":"https:\/\/escribocreativo.com\/blog\/wp-json\/wp\/v2\/media?parent=2721"}],"wp:term":[{"taxonomy":"category","embeddable":true,"href":"https:\/\/escribocreativo.com\/blog\/wp-json\/wp\/v2\/categories?post=2721"},{"taxonomy":"post_tag","embeddable":true,"href":"https:\/\/escribocreativo.com\/blog\/wp-json\/wp\/v2\/tags?post=2721"}],"curies":[{"name":"wp","href":"https:\/\/api.w.org\/{rel}","templated":true}]}}