{"id":2863,"date":"2009-06-03T20:03:27","date_gmt":"2009-06-03T20:03:27","guid":{"rendered":"http:\/\/poesiamas.net\/blog\/?p=2863"},"modified":"2015-03-14T00:51:19","modified_gmt":"2015-03-14T00:51:19","slug":"el-guardian-entre-el-centeno-y-el-helado-de-espuma-de-limon","status":"publish","type":"post","link":"https:\/\/escribocreativo.com\/blog\/2009\/06\/03\/el-guardian-entre-el-centeno-y-el-helado-de-espuma-de-limon\/","title":{"rendered":"El guardi\u00e1n entre el centeno y el helado de espuma de lim\u00f3n"},"content":{"rendered":"<blockquote>\n<p style=\"text-align: justify;\">Si de verdad les interesa lo que voy a contarles, lo            primero que querr\u00e1n saber es d\u00f3nde nac\u00ed, c\u00f3mo            fue todo ese rollo de la infancia, qu\u00e9 hac\u00edan mis padres            antes de tenerme a m\u00ed, y dem\u00e1s pu\u00f1etas estilo David            Copperfield, pero no tengo ganas de contarles nada de eso. Primero porque            es una lata, y, segundo, porque a mis padres les dar\u00eda un ataque            si yo me pusiera aqu\u00ed a hablarles de su vida privada. Para esas            cosas son muy especiales, sobre todo mi padre. Son buena gente, no digo            que no, pero a quisquillosos no hay quien les gane. Adem\u00e1s, no            crean que voy a contarles mi autobiograf\u00eda con pelos y se\u00f1ales.            S\u00f3lo voy a hablarles de una cosa de locos que me pas\u00f3            durante las Navidades pasadas, antes de que me quedara tan d\u00e9bil            que tuvieran que mandarme aqu\u00ed a reponerme un poco.<\/p>\n<\/blockquote>\n<p style=\"text-align: justify;\"><a href=\"https:\/\/escribocreativo.com\/blog\/wp-content\/uploads\/2009\/06\/elguardianentrelcenteno.jpg\"><img loading=\"lazy\" decoding=\"async\" class=\"alignleft size-full wp-image-2864\" style=\"margin: 5px;\" title=\"elguardianentrelcenteno\" src=\"https:\/\/escribocreativo.com\/blog\/wp-content\/uploads\/2009\/06\/elguardianentrelcenteno.jpg\" alt=\"elguardianentrelcenteno\" width=\"160\" height=\"248\" \/><\/a>\u00bfCu\u00e1ntos inicios de novelas he le\u00eddo que sean tan arrebatadoramente sugerentes e hipnotizadores como \u00e9ste? Al comenzar este p\u00e1rrafo, no tuve dudas: ten\u00eda que leermela de un tir\u00f3n. La acab\u00e9 esa misma noche; la dej\u00e9 en la estanter\u00eda, entre <em>Opus Pistorum <\/em>de Henry Miller y <em>Pastoral Americana<\/em> de Philip Roth, y as\u00ed qued\u00f3 hasta que, semanas despu\u00e9s, reposado de su lectura, la retom\u00e9.<\/p>\n<p style=\"text-align: justify;\">Volvi\u00f3 a dejarme en estado de <em>shock<\/em> -y entonces la situ\u00e9 entre esa docena de novelas que me hubiera gustado escribir <strong>a m\u00ed<\/strong>-, y todav\u00eda en su segunda lectura ampli\u00f3 las carreteras secundarias. Sucede con las obras maestras.<!--more--><\/p>\n<p style=\"text-align: justify;\"><em>El guardi\u00e1n entre el centeno<\/em> se inscribe dentro de ese grupo de novelas llamadas <em>&#8220;<\/em>de iniciaci\u00f3n&#8221;, donde el protagonista, el joven Holden Caulfield, nos cuenta su peque\u00f1a historia de cambio&#8230;<\/p>\n<p style=\"text-align: justify;\">Lo que diferencia, a mi juicio, esta novela de otras de su g\u00e9nero -y de otras, en general-, es que desde las primeras l\u00edneas sentimos una total empat\u00eda con el narrador. Nos seduce con su visi\u00f3n decepcionada de la realidad, pero no desde la amargura y el sufrimiento, sino desde un humor ir\u00f3nico, desde la alegr\u00eda despreocupada de la dulce adolescencia, donde la juventud es una excusa perfecta para que nos perdonen los atrevimientos en el mundo adulto.<\/p>\n<p style=\"text-align: justify;\">Es evidente, seg\u00fan avanza la novela, que es demasiado maduro para su edad; y esta riqueza emocional le otorga, a la vez,\u00a0 una personalidad compleja, capaz de mostrar un amplio repertorio de sentimientos. Es tr\u00e1gico, divertido, pero, por encima de todas sus virtudes, me impacta su inteligencia, que parece revelarnos realidades que est\u00e1n ah\u00ed para que las descubramos por nosotros mismos&#8230; y nunca lo hacemos. Si tuviera que elegir un rasgo que enmarcara a Holden Caulfield como el celof\u00e1n al caramelo que lo envuelve, ser\u00eda: que usa el humor de forma inteligente, siempre.<\/p>\n<p style=\"text-align: justify;\">La novela, adem\u00e1s, va desgranando cr\u00edtica social sin pesadez, mezclada en el pensamiento del joven y en su narraci\u00f3n, haciendo que las manos pasen las hojas con una naturalidad pasmosa. \u00a1Qu\u00e9 ritmo tan maravilloso tiene!<\/p>\n<p style=\"text-align: justify;\">Un \u00faltimo rasgo, curioso, a mi entender, de <em>El guardi\u00e1n entre el centeno<\/em>: la historia es \u00e1gil, inmediata, de digesti\u00f3n f\u00e1cil. Tiene un ensamblaje tan armonioso y funcional que se disfruta como un helado de espuma de lim\u00f3n: mientras saboreamos su esponjosa textura nuestro paladar se deleita,\u00a0 y la lengua se mueve \u00e1vida en busca de m\u00e1s; pero en cuanto lo acabamos nos preguntamos: \u00bfya me lo com\u00ed?<\/p>\n<p style=\"text-align: center;\">[email_link]\n","protected":false},"excerpt":{"rendered":"<p>Si de verdad les interesa lo que voy a contarles, lo primero que querr\u00e1n saber es d\u00f3nde nac\u00ed, c\u00f3mo fue todo ese rollo de la infancia, qu\u00e9 hac\u00edan mis padres antes de tenerme a m\u00ed, y dem\u00e1s pu\u00f1etas estilo David Copperfield, pero no tengo ganas de contarles nada de eso. Primero porque es una lata, y, segundo, porque a mis[&#8230;]<\/p>\n","protected":false},"author":1,"featured_media":0,"comment_status":"open","ping_status":"open","sticky":false,"template":"","format":"standard","meta":{"footnotes":""},"categories":[3608],"tags":[1053,1705],"class_list":["post-2863","post","type-post","status-publish","format-standard","hentry","category-literatura","tag-el-guardian-entre-el-centeno","tag-jd-salinger"],"_links":{"self":[{"href":"https:\/\/escribocreativo.com\/blog\/wp-json\/wp\/v2\/posts\/2863","targetHints":{"allow":["GET"]}}],"collection":[{"href":"https:\/\/escribocreativo.com\/blog\/wp-json\/wp\/v2\/posts"}],"about":[{"href":"https:\/\/escribocreativo.com\/blog\/wp-json\/wp\/v2\/types\/post"}],"author":[{"embeddable":true,"href":"https:\/\/escribocreativo.com\/blog\/wp-json\/wp\/v2\/users\/1"}],"replies":[{"embeddable":true,"href":"https:\/\/escribocreativo.com\/blog\/wp-json\/wp\/v2\/comments?post=2863"}],"version-history":[{"count":0,"href":"https:\/\/escribocreativo.com\/blog\/wp-json\/wp\/v2\/posts\/2863\/revisions"}],"wp:attachment":[{"href":"https:\/\/escribocreativo.com\/blog\/wp-json\/wp\/v2\/media?parent=2863"}],"wp:term":[{"taxonomy":"category","embeddable":true,"href":"https:\/\/escribocreativo.com\/blog\/wp-json\/wp\/v2\/categories?post=2863"},{"taxonomy":"post_tag","embeddable":true,"href":"https:\/\/escribocreativo.com\/blog\/wp-json\/wp\/v2\/tags?post=2863"}],"curies":[{"name":"wp","href":"https:\/\/api.w.org\/{rel}","templated":true}]}}