{"id":2964,"date":"2009-06-09T15:33:16","date_gmt":"2009-06-09T14:33:16","guid":{"rendered":"http:\/\/poesiamas.net\/blog\/?p=2964"},"modified":"2015-03-11T13:31:53","modified_gmt":"2015-03-11T13:31:53","slug":"capitulo-i-me-llamo-patri-san","status":"publish","type":"post","link":"https:\/\/escribocreativo.com\/blog\/2009\/06\/09\/capitulo-i-me-llamo-patri-san\/","title":{"rendered":"Cap\u00edtulo I. Me llamo Patri-San"},"content":{"rendered":"<p style=\"text-align: justify;\">\u00a1Hola!<\/p>\n<p style=\"text-align: justify;\">Me llamo Patri-San. No es lo que dice mi DNI -\u00a1para qu\u00e9 sirve!-, pero ninguno de mis amigos conoce mis apellidos. A fin de cuentas, Patri-San lo eleg\u00ed yo, no como mi nombre real. Soy la autora de mi propia identidad, y eso me da una autoestima y una autoconfianza poderosas. \u00bfNo te convence?<\/p>\n<p style=\"text-align: justify;\">Si miras en mi Twitter, no hay ning\u00fan mensaje para Patricia R. M. Si miras en mi MSN, Patricia R.M no existe. En mi correo tampoco tengo mis apellidos reales, ni en mi Facebook, ni en mi blog, ni en mi Spotify, en ninguna parte. Por m\u00e1s que el FBI creara un equipo de veinte personas especialistas en cibertecnolog\u00eda, s\u00f3lo obtendr\u00edan una conclusi\u00f3n, inevitable e incuestionable. Patricia R.M, simplemente, no existe.<\/p>\n<p>Tengo que decir que, aparte del nombre, soy muchas otras cosas: una mujer, una adolescente, una geek, una otaku&#8230; Por encima de todo, Patricia-San sobrevuela la ciberesfera del universo. Los bits, estoy convencida, est\u00e1n conectados con la energ\u00eda universal. \u00bfC\u00f3mo lo s\u00e9?<\/p>\n<p><!--more--><\/p>\n<p style=\"text-align: justify;\">Lo s\u00e9 y punto. \u00bfHas le\u00eddo el efecto de un refresco de cola -no pongo marcas porque cuando me haga famosa cobrar\u00e9 por citarlas- en el cuerpo? Internet engancha m\u00e1s. Un d\u00eda llegu\u00e9 a mi casa y no ten\u00eda internet. \u00a1No ten\u00eda internet! \u00a1Y para qu\u00e9 me sirve mi Mac si no tengo internet!<\/p>\n<p style=\"text-align: justify;\">Mi novio es la cosa que m\u00e1s amo en el mundo, despu\u00e9s mi Mac. Sobre todo porque \u00e9l es un poco serio y en mi Mac tengo demasiadas cosas importantes -por ejemplo, tengo a mi novio en mi Mac-. \u00a1Aish! Me gusta que sea serio porque as\u00ed yo puedo hacer y decir lo que me sale del Twitter.<\/p>\n<p style=\"text-align: justify;\">Ahora que me he presentado y te he saludado muy educadamente, acabo aqu\u00ed mi primer cap\u00edtulo. He pensado que era mejor hacerlos as\u00ed, condensados y cortitos, y no perderme en frikadas -tambi\u00e9n soy friki- innecesarias. Las frikadas llegar\u00e1n, de todas formas, advierto a navegantes. Porque la historia de asesinatos que voy a contarte va a tenerte pegada tu nariz de cerd\u00edcola al port\u00e1til.<\/p>\n<p style=\"text-align: justify;\">Si la vas a leer, acaban de sacar unas chuches muy ricas que se llaman nubebits. Las encuentro ideales para leer con mi cibercrimennovela, donde suceden las cosas m\u00e1s ciberalucinantes -m\u00e1s incluso que dise\u00f1ar mi avatar en el Photoshop-.<\/p>\n<p>Besos.<\/p>\n<p>Patri-San.<\/p>\n<p>Postdata: @GeekuMario: a qu\u00e9 est\u00e1 esperando Apple para anunciar el nuevo I-Phone, nada  importa m\u00e1s, \u00a1nada! ^_^<\/p>\n","protected":false},"excerpt":{"rendered":"<p>\u00a1Hola! Me llamo Patri-San. No es lo que dice mi DNI -\u00a1para qu\u00e9 sirve!-, pero ninguno de mis amigos conoce mis apellidos. A fin de cuentas, Patri-San lo eleg\u00ed yo, no como mi nombre real. Soy la autora de mi propia identidad, y eso me da una autoestima y una autoconfianza poderosas. \u00bfNo te convence? Si miras en mi Twitter,[&#8230;]<\/p>\n","protected":false},"author":1,"featured_media":0,"comment_status":"open","ping_status":"open","sticky":false,"template":"","format":"standard","meta":{"footnotes":""},"categories":[7],"tags":[483,593,2155],"class_list":["post-2964","post","type-post","status-publish","format-standard","hentry","category-relatos","tag-capitulo-i","tag-cibernovela","tag-me-llamo-patri-san"],"_links":{"self":[{"href":"https:\/\/escribocreativo.com\/blog\/wp-json\/wp\/v2\/posts\/2964","targetHints":{"allow":["GET"]}}],"collection":[{"href":"https:\/\/escribocreativo.com\/blog\/wp-json\/wp\/v2\/posts"}],"about":[{"href":"https:\/\/escribocreativo.com\/blog\/wp-json\/wp\/v2\/types\/post"}],"author":[{"embeddable":true,"href":"https:\/\/escribocreativo.com\/blog\/wp-json\/wp\/v2\/users\/1"}],"replies":[{"embeddable":true,"href":"https:\/\/escribocreativo.com\/blog\/wp-json\/wp\/v2\/comments?post=2964"}],"version-history":[{"count":0,"href":"https:\/\/escribocreativo.com\/blog\/wp-json\/wp\/v2\/posts\/2964\/revisions"}],"wp:attachment":[{"href":"https:\/\/escribocreativo.com\/blog\/wp-json\/wp\/v2\/media?parent=2964"}],"wp:term":[{"taxonomy":"category","embeddable":true,"href":"https:\/\/escribocreativo.com\/blog\/wp-json\/wp\/v2\/categories?post=2964"},{"taxonomy":"post_tag","embeddable":true,"href":"https:\/\/escribocreativo.com\/blog\/wp-json\/wp\/v2\/tags?post=2964"}],"curies":[{"name":"wp","href":"https:\/\/api.w.org\/{rel}","templated":true}]}}