{"id":2988,"date":"2009-06-10T13:04:14","date_gmt":"2009-06-10T12:04:14","guid":{"rendered":"http:\/\/poesiamas.net\/blog\/?p=2988"},"modified":"2015-03-11T13:31:53","modified_gmt":"2015-03-11T13:31:53","slug":"capitulo-ii-el-escritorio-de-patri-san","status":"publish","type":"post","link":"https:\/\/escribocreativo.com\/blog\/2009\/06\/10\/capitulo-ii-el-escritorio-de-patri-san\/","title":{"rendered":"Cap\u00edtulo II. El escritorio de Patri-San"},"content":{"rendered":"<p style=\"text-align: justify;\">He mirado las estad\u00edsticas de mi blog y s\u00f3lo he tenido 2 lectores de mi primer cap\u00edtulo: mi novio -s\u00f3lo faltaba, del que he borrado su comentario porque era demasiado parcial, aunque es un lindo- y yo desde el port\u00e1til de mi hermano mayor, para que registrara otra IP y me constara como visita. \u00a1Aish!<\/p>\n<p style=\"text-align: justify;\">Pero no me pienso desanimar. Antes de comenzar con los cibercr\u00edmenes, tengo que situar mi entorno en su justa medida. Vamos, lo que ser\u00eda mi escritorio.<\/p>\n<p style=\"text-align: justify;\">Del escritorio de Patri-San ya habl\u00e9 en el cap\u00edtulo anterior -salvo de mis amigos, que ir\u00e1n apareciendo seg\u00fan vayan interviniendo en la investigaci\u00f3n del cibercrimen-. \u00bfQuieres saber de la vida de Patricia R.M?<\/p>\n<p style=\"text-align: justify;\"><!--more--><\/p>\n<p style=\"text-align: justify;\">\u00a1Cotilla! Mi padres est\u00e1n separados -somos la cl\u00e1sica  familia desestructurada, lo dimos en clase el trimestre pasado-, pero viven juntos. Es una especie de tregua en periodo de guerra. Como mi padre est\u00e1 en paro y mi madre trabaja, han llegado a un acuerdo por el cual \u00e9l se encarga de la casa y mi madre de traer el dinero. Pero, como siempre, de la teor\u00eda a la realidad hay un trecho largo: Firefox no va mejor que Safari, que, adem\u00e1s, es nativo, por m\u00e1s que tenga m\u00e1s usuarios. Mi madre trabaja el doble, supervisando el desastre que es mi padre en la casa. Le pone voluntad, y creo que en el fondo trata de reconquistar a mi madre, pero lo hace fatal. Alguna vez me da tanta pena que le insin\u00fao c\u00f3mo podr\u00eda mejorar algunas cosas. Se queda m\u00e1s parado que la descarga del Ares, con los ojos m\u00e1s abiertos que los de un cherne. S\u00f3lo le falta tomar notas. Cuando acabo de explicarle, me voy a mi cuarto con la cabeza alta y siempre se me escapa un \u00a1aish! que creo que le rompe el alma. Donde ya no le puedo ayudar es en la comida, donde es un desastre. Mi especialidad est\u00e1 en com\u00e9rmelo todo sin dejar apenas rastro.<\/p>\n<p style=\"text-align: justify;\">Lo admito. Soy una comilona. \u00bfSabes la energ\u00eda que gasto atendiendo mi blog, devolviendo retwitts, enter\u00e1ndome de todo via Adium, visitando la blogosfera, compartiendo mis pensamientos y necesidades al mil\u00edmetro? Pr\u00e1cticamente no hay pensamiento que no comparta. Por todas estas razones, necesito que me ceben al menos cuatro veces diarias, y es innegociable: desayuno, almuerzo, merendola y cena. Los domingos chantajeo a mi madre durante los primeros diez minutos del desayuno, donde, como ella misma dice: &#8220;por las ma\u00f1anas estoy m\u00e1s para all\u00e1 que para ac\u00e1&#8221;.<\/p>\n<p style=\"text-align: justify;\">-Mami -digo remolona, estruj\u00e1ndola con la intenci\u00f3n de no separarme jam\u00e1s hasta que me diga lo que yo quiero-, \u00a1hoy cocinas t\u00fa!, \u00bfno? \u00bfEh?<\/p>\n<p style=\"text-align: justify;\">Necesito comer bien al menos una vez por semana. Mi madre es consciente de que a mi edad todav\u00eda podr\u00eda coger unos cent\u00edmetros de m\u00e1s, lo que me dar\u00eda m\u00e1s chances en mi vida sentimental. Lo malo de los novios es que les gustas igual, aunque hubieras tenido diez cent\u00edmetros menos o dos tallas m\u00e1s de pantalones, as\u00ed que mi madre vigila por mi futuro. Una mujer no debe perder la perspectiva, jam\u00e1s. Como debe ser.<\/p>\n<p style=\"text-align: justify;\">Y hasta aqu\u00ed todo lo rese\u00f1able e interesante de mi vida familiar, salvo del subnormal de mi hermano mayor, que es tarado y poco m\u00e1s tengo que a\u00f1adir.<\/p>\n<p style=\"text-align: justify;\">Besos.<\/p>\n<p style=\"text-align: justify;\">Patri-San.<\/p>\n<p style=\"text-align: justify;\">Postdata: @retwitteo: \u00bfAcaso hay algo m\u00e1s triste que compartir tus propios posts a trav\u00e9s del GReader?<\/p>\n","protected":false},"excerpt":{"rendered":"<p>He mirado las estad\u00edsticas de mi blog y s\u00f3lo he tenido 2 lectores de mi primer cap\u00edtulo: mi novio -s\u00f3lo faltaba, del que he borrado su comentario porque era demasiado parcial, aunque es un lindo- y yo desde el port\u00e1til de mi hermano mayor, para que registrara otra IP y me constara como visita. \u00a1Aish! Pero no me pienso desanimar.[&#8230;]<\/p>\n","protected":false},"author":1,"featured_media":0,"comment_status":"open","ping_status":"open","sticky":false,"template":"","format":"standard","meta":{"footnotes":""},"categories":[7],"tags":[484,593],"class_list":["post-2988","post","type-post","status-publish","format-standard","hentry","category-relatos","tag-capitulo-ii","tag-cibernovela"],"_links":{"self":[{"href":"https:\/\/escribocreativo.com\/blog\/wp-json\/wp\/v2\/posts\/2988","targetHints":{"allow":["GET"]}}],"collection":[{"href":"https:\/\/escribocreativo.com\/blog\/wp-json\/wp\/v2\/posts"}],"about":[{"href":"https:\/\/escribocreativo.com\/blog\/wp-json\/wp\/v2\/types\/post"}],"author":[{"embeddable":true,"href":"https:\/\/escribocreativo.com\/blog\/wp-json\/wp\/v2\/users\/1"}],"replies":[{"embeddable":true,"href":"https:\/\/escribocreativo.com\/blog\/wp-json\/wp\/v2\/comments?post=2988"}],"version-history":[{"count":0,"href":"https:\/\/escribocreativo.com\/blog\/wp-json\/wp\/v2\/posts\/2988\/revisions"}],"wp:attachment":[{"href":"https:\/\/escribocreativo.com\/blog\/wp-json\/wp\/v2\/media?parent=2988"}],"wp:term":[{"taxonomy":"category","embeddable":true,"href":"https:\/\/escribocreativo.com\/blog\/wp-json\/wp\/v2\/categories?post=2988"},{"taxonomy":"post_tag","embeddable":true,"href":"https:\/\/escribocreativo.com\/blog\/wp-json\/wp\/v2\/tags?post=2988"}],"curies":[{"name":"wp","href":"https:\/\/api.w.org\/{rel}","templated":true}]}}