{"id":3010,"date":"2009-06-11T12:10:48","date_gmt":"2009-06-11T11:10:48","guid":{"rendered":"http:\/\/poesiamas.net\/blog\/?p=3010"},"modified":"2015-03-11T13:31:52","modified_gmt":"2015-03-11T13:31:52","slug":"capitulo-iii-maldiciones-vudus-y-traidores","status":"publish","type":"post","link":"https:\/\/escribocreativo.com\/blog\/2009\/06\/11\/capitulo-iii-maldiciones-vudus-y-traidores\/","title":{"rendered":"Cap\u00edtulo III. Maldiciones, vud\u00fas y traidores"},"content":{"rendered":"<p style=\"text-align: justify;\">Hoy quiero decir que la magia trasciende las redes por donde viaja la informaci\u00f3n: la magia est\u00e1 en todas partes. De otra forma, no entender\u00edas porqu\u00e9 ni c\u00f3mo se sucedieron los acontecimientos, m\u00e1s r\u00e1pido que el rumor sobre un nuevo lanzamiento de Mac.<\/p>\n<p style=\"text-align: justify;\">Antes que contar lo de la pata de gallo ensangrentada en la boca del muerto -\u00a1anda, ya lo cont\u00e9! jiji-, tengo que contar otros acontecimientos de anteayer por la tarde. \u00a1Hab\u00edan anunciado una nueva <a href=\"http:\/\/es.wikipedia.org\/wiki\/Ova\" target=\"_blank\">ova<\/a> de <a href=\"http:\/\/www.bleachportal.net\/\" target=\"_blank\">Bleech<\/a>!  \ud83d\ude00  Ya ten\u00eda a mis redes de frikis pendientes de los puntos calientes de la red para baj\u00e1rnosla y verla subtitulada. \u00d1am, \u00f1am. Este es el orden de cosas importantes en mi vida: mi Mac, mi novio, que aumenten los seguidores de mi blog, \u00a1una ova de Bleech! \u00a1Aish!<\/p>\n<p style=\"text-align: justify;\"><!--more--><\/p>\n<p style=\"text-align: justify;\">Tambi\u00e9n hay que decir que hab\u00eda pasado el d\u00eda con una horrible maldici\u00f3n, de la que no fui consciente hasta que recapacit\u00e9 sobre una serie de pistas concluyentes: <em>La maldici\u00f3n del ocho, <\/em>que afecta a ni\u00f1as responsables y estudiosas como yo -y que tengo el honor de inaugurar-. En lengua, mates, ingl\u00e9s e historia, \u00a1en todas hab\u00eda sacado un ocho! Para qu\u00e9 estudio tanto, pens\u00e9, si no voy a sacar m\u00e1s nota. Ahora tengo los ex\u00e1menes finales para subirla y me temo que si en el primero de todos vuelvo a sacar un ocho, no me presento a los dem\u00e1s, porque eso quiere decir que la maldici\u00f3n sigue activa. Malos tiempos para la l\u00edrica (no s\u00e9 qu\u00e9 quiere decir, pero suena intelectual y no se me ocurre otra frase mejor para rematar este p\u00e1rrafo ^_^).<\/p>\n<p>Los acontecimientos de hace justo dos d\u00edas se sucedieron de la siguiente forma:<\/p>\n<p style=\"text-align: justify;\">Hablaba via Adium con @luzzzmila y @pepogeku al tiempo que le\u00eda el blog de mi novio y escuchaba m\u00fasica guay. Y, ll\u00e1menlo instinto, o mejor, un aviso de mi shinigami interior, de repente me fui directa a visitar a mi comunidad de blogueros. Con @luzzzmila ten\u00eda una conversaci\u00f3n animada: empezamos hablando de mi maldici\u00f3n del ocho y acabamos debatiendo sobre c\u00f3mo los chicos se har\u00edan las pajas. \u00bfQu\u00e9 quer\u00edan decir, exactamente, con lo de que se la machacaban? \u00bfLes dar\u00eda gusto que se las estrujaran? Yo le expliqu\u00e9 a @luzzzmila que mi novio era sensible a esa zona porque un d\u00eda se lo apret\u00e9 jugando y se qued\u00f3 boca arriba, blanco, sujet\u00e1ndosela, mientras en su boca asomaba una babita muy asquerosa. Comenzamos a especular sobre una t\u00e9cnica milenaria y secreta, en la cual apretando dos puntos exactos de su entrepierna con el dedo \u00edndice y el pulgar les provocar\u00eda un placer indescriptible. Acordamos, finalmente, que se buscaran la vida:<\/p>\n<p style=\"text-align: justify;\">-Que se busqueeeeen la vidaaaaa -escrib\u00ed.<\/p>\n<p style=\"text-align: justify;\">-Se JODAN -escribi\u00f3 @luzzzmila, que es muy natural.<\/p>\n<p style=\"text-align: justify;\">Como dije, entraba en mi comunidad y cu\u00e1l fue mi sorpresa que vi a dos blogueros que hab\u00edan dejado de seguirme. \u00a1Traidores! \u00a1Porqu\u00e9! \u00a1PORQU\u00c9!  X( No me dejaron m\u00e1s remedio que dejar de seguirles tambi\u00e9n y, adem\u00e1s, agregu\u00e9 a esos <a href=\"http:\/\/es.wikipedia.org\/wiki\/Hollow\" target=\"_blank\">hollow<\/a> a la lista negra, que en los \u00faltimos meses triplicaba la de seguidores. \u00bfY para qu\u00e9 dejan de seguirte al cabo del tiempo? Los blogueros son una especie muy poco de fiar. Como dijo muy bien mi padre cuando le expliqu\u00e9 mi enfado, &#8220;las personas son volubles, escucha a Verdi&#8221;. Busqu\u00e9 voluble en el diccionario y Verdi, bueno, no lo definir\u00eda exactamente como m\u00fasica guay.<\/p>\n<p>Lo que m\u00e1s me extra\u00f1\u00f3 fue la baja de @nardi, un chico muy majo con el que sol\u00eda hablar casi todas las semanas. Era un poco t\u00edmido, y ten\u00eda un avatar muy chulo: unas gafas de sol y en los cristales las caras de <a href=\"http:\/\/es.wikipedia.org\/wiki\/Cow_%26_Chicken\" target=\"_blank\">Pollo y Vaca<\/a> haciendo muecas. Investigando -me sorprendi\u00f3 que dejara de seguirme; tienen que entender mi enfado en este asunto porque me siguen 12 y cada  uno  pierdo es un dolor-, comprob\u00e9  que tambi\u00e9n se hab\u00eda dado de baja de la comunidad. Un pinchazo en la espalda me hizo ir la lista de contactos de mi Adium: me ten\u00eda desagregada. \u00a1\u00bfC\u00f3mo!?. \u00a1\u00bfEliminada del Adium, eliminada de sus seguidores, EL MISMO D\u00cdA?!<\/p>\n<blockquote>\n<p style=\"text-align: center;\"><a href=\"https:\/\/escribocreativo.com\/blog\/wp-content\/uploads\/2009\/06\/walter.jpg\"><img loading=\"lazy\" decoding=\"async\" class=\"size-medium wp-image-3011 aligncenter\" style=\"margin-top: 5px; margin-bottom: 5px;\" title=\"walter\" src=\"https:\/\/escribocreativo.com\/blog\/wp-content\/uploads\/2009\/06\/walter-300x233.jpg\" alt=\"walter\" width=\"121\" height=\"94\" \/><\/a>&#8211;<em>Est\u00e1s a punto de conocer el dolor Smoky&#8230; Vas a conocer el dolor&#8230; <\/em>-dijo Walter Sobchak.<\/p>\n<p style=\"text-align: center;\"><a href=\"http:\/\/mural.uv.es\/salcer\/gl.htm\" target=\"_blank\">El gran Lebowski<\/a>.<\/p>\n<\/blockquote>\n<p style=\"text-align: justify;\">Le envi\u00e9 un twitt urgente a @luzzmila. Me respondi\u00f3:<\/p>\n<blockquote>\n<p style=\"text-align: justify;\">@patri-san \u00a1@nardi est\u00e1 muerto!, \u00bfno lo has le\u00eddo? http:\/\/tinyurl.com\/ffgjkqlskoko me he quedado muerta&#8230;  :worried:  :emotion:<\/p>\n<\/blockquote>\n<p style=\"text-align: justify;\">\u00bfC\u00f3mo que muerto?  :worried: Fui al enlace de @luzzmila y esta es la tercera noticia del diario &#8220;Elcorreodigitalytal.moc&#8221; -del que omito su nombre original, ya cobrar\u00e9 por eso cuando sea famosa-:<\/p>\n<p style=\"text-align: justify;\">&#8220;Un joven de 19 a\u00f1os fue encontrado muerto en un cibercaf\u00e9 de Las Palmas de Gran Canaria. El due\u00f1o se percat\u00f3 de que algo pasaba al joven, que estaba r\u00edgido y con las manos sobre el teclado. En palabras del due\u00f1o del cibercaf\u00e9: &#8220;Al ir a avisarle de que iba a cerrar el local, vi que no se mov\u00eda y al tocar su hombro para preguntarle si estaba bien se cay\u00f3 hacia un lado. Avis\u00e9 a la polic\u00eda y ellos llamaron a las ambulancias. En diez minutos ya estaban aqu\u00ed&#8221;. A\u00fan se desconocen las causas exactas de su fallecimiento, pero este peri\u00f3dico ha tenido acceso al informe forense, en donde se dice que en la boca del joven fue hallada una pata de gallo ensangrentada en la boca. Se dice tambi\u00e9n que la sangre no es del joven sino, probablemente, del propio gallo muerto. Tambi\u00e9n conocemos, por el due\u00f1o del cibercaf\u00e9, que el joven miraba una p\u00e1gina titulada Cibervud\u00fa. Las autoridades apuntan a un suicidio. Los padres est\u00e1n destrozados y no se explican qu\u00e9 pudo haber sucedido&#8221;.<\/p>\n<p style=\"text-align: justify;\">:emotion:<\/p>\n<p style=\"text-align: justify;\">Soy una tonta sensible pero me puse a llorar. Habl\u00e9 con @luzzmila y @pepogeku, que tampoco lo sab\u00eda, y me puse un poco mejor. Hablamos de lo majo que era y antes de preguntar qu\u00e9 p\u00e1gina ser\u00eda esa ya est\u00e1bamos dici\u00e9ndonos que no encontr\u00e1bamos nada con ese nombre. Lo dejamos estar.<\/p>\n<p style=\"text-align: justify;\">Al d\u00eda siguiente no pas\u00f3 nada rese\u00f1able; parte de mi blogosfera y casi todos mis contactos conoc\u00edan se lamentaban de la noticia, pero la ova de Bleech y otras noticias alegraron la ma\u00f1ana y por la tarde ya casi nadie hablaba del tema. En la red la fama dura lo que tarda en llegar un nuevo twitt.<\/p>\n<p style=\"text-align: justify;\">Pero esta ma\u00f1ana, al entrar al correo, como siempre, sobre las 7:45 -es mi rutina habitual antes de ir a clase; esos actos  autom\u00e1ticos que hacemos los <em>geek,<\/em> \u00bfy si alguien me programa?- vi un mensaje nuevo de @nardi, cuyo t\u00edtulo era: \u00a1Ayuda Urgente!. El mensaje hab\u00eda llegado a las 7:30 de esta misma ma\u00f1ana.<\/p>\n<p style=\"text-align: justify;\">Preguntas obvias: \u00bfQui\u00e9n lo envi\u00f3? \u00bfHabr\u00eda programado su correo con ese mensaje? \u00bfLo leo? \u00bfY si me traumatizo? \u00bfPregunto antes de abrirlo? Le\u00ed una historieta de Mafalda que ven\u00eda a decir que las mujeres nunca podr\u00edamos dirigir un pa\u00eds porque no ser\u00edamos capaces de no llamar a una amiga para contarles un top secret. Gilipolleces. Volviendo al correo electr\u00f3nico, la onomatopeya que define con precisi\u00f3n mi pensamiento es esta:<\/p>\n<p style=\"text-align: justify;\">Glups. :worried:<\/p>\n<p>Besos,<\/p>\n<p style=\"text-align: justify;\">Patri-San.<\/p>\n<p><strong><br \/>\nResumen de otras cosas importantes:<\/strong><\/p>\n<p>Previsi\u00f3n de lectores de este cap\u00edtulo: 5 (mi novio, @luzzzmila, mi pap\u00e1, dos desconocidos)<\/p>\n<p>Nivel actual de energ\u00eda <a href=\"http:\/\/es.wikipedia.org\/wiki\/Shinigami_(Bleach)\" target=\"_blank\">Shinigami<\/a>: 8 de 10 (la Maldici\u00f3n del Notable, 2.0).<\/p>\n<p style=\"text-align: center;\">[email_link]\n","protected":false},"excerpt":{"rendered":"<p>Hoy quiero decir que la magia trasciende las redes por donde viaja la informaci\u00f3n: la magia est\u00e1 en todas partes. De otra forma, no entender\u00edas porqu\u00e9 ni c\u00f3mo se sucedieron los acontecimientos, m\u00e1s r\u00e1pido que el rumor sobre un nuevo lanzamiento de Mac. Antes que contar lo de la pata de gallo ensangrentada en la boca del muerto -\u00a1anda, ya[&#8230;]<\/p>\n","protected":false},"author":1,"featured_media":0,"comment_status":"open","ping_status":"open","sticky":false,"template":"","format":"standard","meta":{"footnotes":""},"categories":[7],"tags":[485,593,2072,3470],"class_list":["post-3010","post","type-post","status-publish","format-standard","hentry","category-relatos","tag-capitulo-iii","tag-cibernovela","tag-maldiciones","tag-vudus-y-traidores"],"_links":{"self":[{"href":"https:\/\/escribocreativo.com\/blog\/wp-json\/wp\/v2\/posts\/3010","targetHints":{"allow":["GET"]}}],"collection":[{"href":"https:\/\/escribocreativo.com\/blog\/wp-json\/wp\/v2\/posts"}],"about":[{"href":"https:\/\/escribocreativo.com\/blog\/wp-json\/wp\/v2\/types\/post"}],"author":[{"embeddable":true,"href":"https:\/\/escribocreativo.com\/blog\/wp-json\/wp\/v2\/users\/1"}],"replies":[{"embeddable":true,"href":"https:\/\/escribocreativo.com\/blog\/wp-json\/wp\/v2\/comments?post=3010"}],"version-history":[{"count":0,"href":"https:\/\/escribocreativo.com\/blog\/wp-json\/wp\/v2\/posts\/3010\/revisions"}],"wp:attachment":[{"href":"https:\/\/escribocreativo.com\/blog\/wp-json\/wp\/v2\/media?parent=3010"}],"wp:term":[{"taxonomy":"category","embeddable":true,"href":"https:\/\/escribocreativo.com\/blog\/wp-json\/wp\/v2\/categories?post=3010"},{"taxonomy":"post_tag","embeddable":true,"href":"https:\/\/escribocreativo.com\/blog\/wp-json\/wp\/v2\/tags?post=3010"}],"curies":[{"name":"wp","href":"https:\/\/api.w.org\/{rel}","templated":true}]}}