{"id":3084,"date":"2009-06-13T20:12:25","date_gmt":"2009-06-13T19:12:25","guid":{"rendered":"http:\/\/poesiamas.net\/blog\/?p=3084"},"modified":"2009-06-13T20:12:25","modified_gmt":"2009-06-13T19:12:25","slug":"la-ciudad-y-los-perros","status":"publish","type":"post","link":"https:\/\/escribocreativo.com\/blog\/2009\/06\/13\/la-ciudad-y-los-perros\/","title":{"rendered":"La ciudad y los perros"},"content":{"rendered":"<p style=\"text-align: justify;\"><a href=\"https:\/\/escribocreativo.com\/blog\/wp-content\/uploads\/2009\/06\/incienso1.jpg\"><img loading=\"lazy\" decoding=\"async\" class=\"alignleft size-full wp-image-3087\" style=\"margin: 5px;\" title=\"incienso[1]\" src=\"https:\/\/escribocreativo.com\/blog\/wp-content\/uploads\/2009\/06\/incienso1.jpg\" alt=\"incienso[1]\" width=\"188\" height=\"250\" \/><\/a>No, no se trata de la famosa novela de Mario Vargas Llosa. En mi ciudad, la gente saca al perro y convierte las calles en estercoleros. Desde mi ventana puedo ver a los vecinos del barrio llevarlos a hacer sus necesidades al parque, que est\u00e1 a situado la derecha del barrio. Ya s\u00e9 que no son todos. Dicho esto, al grano.<\/p>\n<p style=\"text-align: justify;\">Como luego se conecta con una zona de explanadas, los perros corren a su antojo. Hay pocas cosas que produzcan m\u00e1s satisfacci\u00f3n que ver a un animal, al que supones encerrado entre cuatro paredes, desfog\u00e1ndose y compartiendo olores \u00edntimos con otros cong\u00e9neres. Pobrecillo.<\/p>\n<p style=\"text-align: justify;\">Pero el parque ha dejado de cumplir su funci\u00f3n. Ir a pasear, a hacer deporte, o sentarse en un banco se hace casi imposible. En primer lugar,\u00a0 \u00a1qui\u00e9n quiere ir a pasear o a correr un rato con el suelo lleno de meadas y hermosas heces por cualquier parte! \u00a1Qu\u00e9 ilusi\u00f3n llegar a casa para empapar el piso de las bacterias que hemos ido recogiendo con nuestro calzado! Podr\u00eda llamar a un laboratorio farmac\u00e9utico y alquilarles el suelo de mi piso como laboratorio , y al menos le saco partido.<\/p>\n<p style=\"text-align: justify;\"><!--more--><\/p>\n<p style=\"text-align: justify;\">Los due\u00f1os de los perros son, adem\u00e1s, muy particulares. La mayor\u00eda de ellos, en especial las mujeres -contando, son m\u00e1s las mujeres que sacan a pasear perros que los hombres-, no s\u00f3lo carecen de la m\u00e1s m\u00ednima urbanidad -una palabra que me da repel\u00fas, pero creo que encaja-, sino que adem\u00e1s los tratan como si fueran personas. Ll\u00e1menme insensible. &#8220;\u00a1Insensible!&#8221;.<\/p>\n<p style=\"text-align: justify;\">Dicho esto, yo he tenido perros -pero no en la ciudad- y gata -en mi casa, m\u00e1s linda, caza moscas a faltas de ratones-, pero sobre todo s\u00e9 que no pueden hacer algunas cosas. Son inteligentes y aprenden, y se puede reconocer su comportamiento en muchas ocasiones, con la experiencia. Pero si les digo &#8220;\u00a1Qu\u00e9 te pasa!&#8221; y me saca la lengua, agitado de tanto correr, y me imagino que me responde, es una cuesti\u00f3n en la que no voy a entrar.<\/p>\n<p style=\"text-align: justify;\">El ayuntamiento, adem\u00e1s, proporciona pocas zonas para sacar a pasear los perros y que puedan hacer sus necesidades con tranquilidad -y aparearse, que esa es otra: no es que sea un fetichista, al menos en estas cosas, pero ver perros apare\u00e1ndose desde mi ventana, como llevo viendo esta semana, es , como poco, bizarro-. Han colocado unas cuantas papeleras especiales para que los due\u00f1os viertan all\u00ed las bolsitas con sus cacas, que no usa nadie. Uno, cuando va a un parque y ve la zona infectada de papeleras, se imagina y lo peor y decide irse a otra parte.\u00bfY si tuvieran vigilantes? Al menos uno por zona.<\/p>\n<p style=\"text-align: justify;\">Ver las aceras con riachuelos de meadas desliz\u00e1ndose por los surcos del pavimento o encontrarse unas heces solidificadas da lustre a la ciudad. Tendr\u00eda que haber llamado al art\u00edculo &#8220;La ciudad y la mierda&#8221;, directamente.<\/p>\n<p style=\"text-align: justify;\">Un d\u00eda vamos a ir unos amigos a cagarle en el sal\u00f3n a esos unineuronales -no s\u00f3lo por la higiene y la cuesti\u00f3n est\u00e9tica, sino por el ejemplo- y en las esquinas de la tele les regamos como en las esquinas; y cuando me pregunten que si me parece bonito y si no lo vamos a limpiar, le responder\u00e9: es que estos pobres animales se pasan el d\u00eda en casa, estudiando entre cuatro paredes, y lo hacen donde buenamente pueden. \ud83d\ude00<\/p>\n<p style=\"text-align: center;\">[email_link]\n<p style=\"text-align: justify;\">\n","protected":false},"excerpt":{"rendered":"<p>No, no se trata de la famosa novela de Mario Vargas Llosa. En mi ciudad, la gente saca al perro y convierte las calles en estercoleros. Desde mi ventana puedo ver a los vecinos del barrio llevarlos a hacer sus necesidades al parque, que est\u00e1 a situado la derecha del barrio. Ya s\u00e9 que no son todos. Dicho esto, al[&#8230;]<\/p>\n","protected":false},"author":1,"featured_media":0,"comment_status":"open","ping_status":"open","sticky":false,"template":"","format":"standard","meta":{"footnotes":""},"categories":[10],"tags":[610,1534,2567],"class_list":["post-3084","post","type-post","status-publish","format-standard","hentry","category-la-ciudad-reflexiva","tag-ciudad","tag-higiene","tag-perros"],"_links":{"self":[{"href":"https:\/\/escribocreativo.com\/blog\/wp-json\/wp\/v2\/posts\/3084","targetHints":{"allow":["GET"]}}],"collection":[{"href":"https:\/\/escribocreativo.com\/blog\/wp-json\/wp\/v2\/posts"}],"about":[{"href":"https:\/\/escribocreativo.com\/blog\/wp-json\/wp\/v2\/types\/post"}],"author":[{"embeddable":true,"href":"https:\/\/escribocreativo.com\/blog\/wp-json\/wp\/v2\/users\/1"}],"replies":[{"embeddable":true,"href":"https:\/\/escribocreativo.com\/blog\/wp-json\/wp\/v2\/comments?post=3084"}],"version-history":[{"count":0,"href":"https:\/\/escribocreativo.com\/blog\/wp-json\/wp\/v2\/posts\/3084\/revisions"}],"wp:attachment":[{"href":"https:\/\/escribocreativo.com\/blog\/wp-json\/wp\/v2\/media?parent=3084"}],"wp:term":[{"taxonomy":"category","embeddable":true,"href":"https:\/\/escribocreativo.com\/blog\/wp-json\/wp\/v2\/categories?post=3084"},{"taxonomy":"post_tag","embeddable":true,"href":"https:\/\/escribocreativo.com\/blog\/wp-json\/wp\/v2\/tags?post=3084"}],"curies":[{"name":"wp","href":"https:\/\/api.w.org\/{rel}","templated":true}]}}