{"id":3222,"date":"2009-06-24T21:28:46","date_gmt":"2009-06-24T21:28:46","guid":{"rendered":"http:\/\/poesiamas.net\/blog\/?p=3222"},"modified":"2015-03-11T13:57:41","modified_gmt":"2015-03-11T13:57:41","slug":"aragones-del-bosque-y-el-periodismo-deportivo","status":"publish","type":"post","link":"https:\/\/escribocreativo.com\/blog\/2009\/06\/24\/aragones-del-bosque-y-el-periodismo-deportivo\/","title":{"rendered":"Aragon\u00e9s, Del Bosque y el periodismo deportivo"},"content":{"rendered":"<p style=\"text-align: justify;\"><a href=\"https:\/\/escribocreativo.com\/blog\/wp-content\/uploads\/2009\/06\/microfono-radio.jpg\"><img loading=\"lazy\" decoding=\"async\" class=\"alignleft size-full wp-image-3223\" style=\"margin: 5px;\" title=\"microfono-radio\" src=\"https:\/\/escribocreativo.com\/blog\/wp-content\/uploads\/2009\/06\/microfono-radio.jpg\" alt=\"microfono-radio\" width=\"210\" height=\"210\" \/><\/a>Espa\u00f1a ha perdido con Estados Unidos 2-0 en la semifinales de la Copa Confederaci\u00f3n. Y el debate sobre Aragon\u00e9s y Del Bosque se aviva.<\/p>\n<p style=\"text-align: justify;\">El periodismo deportivo de este pa\u00eds, bajo mi punto de vista, se mueve, desgraciadamente, en los afectos. Se aleja de la objetividad deportiva; los periodistas se convierten en forofos de sus equipos: Tom\u00e1s Roncero, Pedro Pablo San Mart\u00edn, Jose Luis Carazo, etc., y explican el deporte a trav\u00e9s de la cercan\u00eda emocional a unos determinados colores. Se mueven, de continuo, en la justificaci\u00f3n basada en el populismo para los males, y en la degradaci\u00f3n del contrario aunque s\u00f3lo sea para que las penas sean m\u00e1s llevaderas.<\/p>\n<p style=\"text-align: justify;\">Tampoco se aleja demasiado, dir\u00e1n, de los periodistas pol\u00edticos, que se mueven en tambi\u00e9n en par\u00e1metros definidos seg\u00fan el periodista: Federico Jim\u00e9nez Losantos, Enric Sopena, etc.<\/p>\n<p style=\"text-align: justify;\">La cercan\u00eda y el obtener la primicia por parte de los que son foco de atenci\u00f3n -entrenadores, jugadores- motivan afectos y desafectos. Desde que tengo uso de raz\u00f3n, el periodista alardeaba de ser amigo de tal o cual jugador, de llevarse bien con \u00e9sta y otra estrella, y uno eleg\u00eda cadena en la que\u00a0 un periodista insinuaba que hab\u00eda metido los micr\u00f3fonos dentro de las camisetas.<\/p>\n<p style=\"text-align: justify;\"><!--more--><\/p>\n<p style=\"text-align: justify;\">Sin embargo, el periodista, que trabaja para informar y generar opini\u00f3n, puede pasarse una hora desgranando las miserias y la podredumbre de un deportista porque le ha traicionado. Esto sucede en la vida com\u00fan, no s\u00f3lo en la profesi\u00f3n period\u00edstica. Uno tiene amigos, y con ellos mantiene relaciones que van evolucionando, a mejor o a peor, seg\u00fan se den las circunstancias.<\/p>\n<p style=\"text-align: justify;\">A Aragon\u00e9s le llovieron palos por todas partes. Le llovieron tras crear un equipo de f\u00fatbol con identidad propia. Nadie le podr\u00eda haber acusado de mal entrenador si no hubiera ganado la Eurocopa, por la sencilla raz\u00f3n de que sus predecesores, Clemente, Camacho, etc. tampoco la hab\u00edan conseguido.<\/p>\n<p style=\"text-align: justify;\">Pero a Aragon\u00e9s, incluso los que lo defendieron por sus aportaciones futbol\u00edsticas, con la voz bajan se\u00f1alaban su mal comportamiento con la prensa. Yo escuchaba la radio para saber c\u00f3mo iba a jugar Espa\u00f1a en la Eurocopa. En cambio, lo que o\u00eda era que el seleccionador no hab\u00eda dado rueda de prensa, y el periodismo hablaba de traici\u00f3n a los aficionados. No me quieran enga\u00f1ar: traici\u00f3n a sus propios intereses econ\u00f3micos, porque venden m\u00e1s peri\u00f3dicos con la rueda de prensa de Luis Aragon\u00e9s, con la pol\u00e9mica siempre asomando por alguna parte, que sin ella. Lo recurrente era que hab\u00eda insultado a un periodista, o que le hab\u00eda dicho que no hac\u00eda declaraciones; considero a\u00fan peor que, en las retransmisiones de las semifinales o en la\u00a0 misma final de la Eurocopa, durante el partido,\u00a0 hubiera periodistas \u00a1afirmando que acabar\u00edamos perdiendo porque sus decisiones eran equivocadas! Pero para tener raz\u00f3n no basta con desear que los acontecimientos nos la quieran dar.<\/p>\n<p style=\"text-align: justify;\">La respuesta de estos periodistas fue obvia: una vez ganada la Eurocopa,\u00a0 hab\u00eda suficientes materiales para ningunear la figura del seleccionador. La venganza del periodista, inflamando las masas como Marco Antonio frente al cad\u00e1ver de C\u00e9sar, fue terrible. Hab\u00eda que echar a Luis de Espa\u00f1a. Y Luis se fue, por voluntad propia y porque, casi con toda seguridad, no ten\u00eda un proyecto en primera divisi\u00f3n. El caso es que los Marco Antonio, que buscaron a otro nuevo C\u00e9sar al que adorar, se acogieron a Vicente del Bosque, el tipo que nunca se mete con nadie, razonable y juicioso.<\/p>\n<p style=\"text-align: justify;\">Un caso que me llam\u00f3 la atenci\u00f3n fue el de Jose Ram\u00f3n de la Morena, en la SER. Era la cadena que m\u00e1s escuchaba, hasta que a de la Morena le daba por hacer homil\u00edas al m\u00e1s puro estilo Jose Mar\u00eda Garc\u00eda: lo malo, al final, se acaba pegando; \u00bfalguien considera que es un buen entrevistador? Lo mejor que tiene <em>El larguero<\/em> es el equipo del que se rodea: Manolo Lama, Paco Gonz\u00e1lez, etc., y del director del As, Alfredo Rela\u00f1o, digo: es el rey de las perogrulladas. S\u00f3lo hay que leer sus art\u00edculos publicados en la web de As para darse cuenta de que <em>no cuenta nada<\/em>. Es un <em>bluff.<\/em><\/p>\n<p style=\"text-align: justify;\">En <em>El larguero<\/em>, escuchaba un retrato cercano a la venganza personal. El abuelo al que hab\u00eda defendido, dec\u00eda de la Morena, y que le hab\u00eda decepcionado. Sin embargo, a trav\u00e9s del enviado en las concentraciones, Aragon\u00e9s deslizaba informaci\u00f3n privilegiada sobre sus pensamientos.<\/p>\n<p style=\"text-align: justify;\">Es dif\u00edcil que, en un medio de comunicaci\u00f3n, todo el mundo comulge con una idea concreta: que en la SER todos estuvieran a favor o en contra no es una buena estrategia de m\u00e1rketing -y con esto no pongo en duda la credibilidad de los periodistas de PRISA: s\u00f3lo digo que acent\u00faan los puntos de vista extremos-. El espect\u00e1culo es encontrar diferencias de opini\u00f3n. Sin embargo, en t\u00e9rminos generales, desde la SER, o sea, PRISA, Aragon\u00e9s era <em>persona non grata<\/em>, y durante la Eurocopa, s\u00f3lo el juego de la selecci\u00f3n evit\u00f3 que salieran los cuchillos, que se hab\u00edan estado afilando con el argumento de que Aragon\u00e9s hab\u00eda dado su palabra de abandonar el banquillo tras el mundial y no lo hizo. Marca hizo una campa\u00f1a de persecuci\u00f3n que era realmente de juzgado de guardia.<\/p>\n<p style=\"text-align: justify;\">Pero, me pregunto: \u00bfel periodismo deportivo no tiene que moverse en \u00e1mbitos de objetividad, alejados de la pasi\u00f3n? Es probable que sea menos espectacular y que, a fin de cuentas, hay que crear expectativas en las portadas y en las tertulias radiof\u00f3nicas. La prensa es un negocio. Y el deporte mueve millones de personas: s\u00f3lo hay que ver la audiencia sobre un &#8220;Debate sobre el Estado de la Naci\u00f3n&#8221; y un partido de la selecci\u00f3n. No hay color. Bueno, s\u00ed: once de rojo.<\/p>\n<p style=\"text-align: justify;\">Por tanto, objetivamente hablando, que Aragon\u00e9s no quiera hacer declaraciones y diga a un periodista que le deje en paz, que \u00e9ste insista y luego el seleccionador despotrique y lo mande a Burgos de malas formas, a m\u00ed me parece intrascendente. Aragon\u00e9s no estaba en la selecci\u00f3n espa\u00f1ola para llevarse bien con nadie. Estaba como profesional, y jam\u00e1s vi en una rueda de prensa ir a machacar a nadie; hab\u00eda que escuchar qu\u00e9 preguntas y c\u00f3mo, en un momento dado, estaban todos preparados para provocarle.<\/p>\n<p style=\"text-align: justify;\">Cuando sali\u00f3 en &#8220;Tengo una pregunta para usted&#8221;, de nuevo de la Morena nos desenmascar\u00f3 al personaje: Luis, que no es bobo, dec\u00eda de la Morena, del que tampoco dir\u00eda que es bobo, hab\u00eda vendido una imagen de forma inteligente. Pero mire, le dir\u00eda yo a de la Morena: que yo no quiero saber c\u00f3mo es Luis Aragon\u00e9s en la intimidad ni si le paga las copas a los amigos. Que yo lo que quiero es que analicen el juego, con especialistas, que desmenucen a los contrarios, que planteen posibilidades t\u00e1cticas, que si tal o cual jugador en esta o aquella posici\u00f3n generar\u00eda esta u otra expectativas. Y, en \u00faltimo grado, lo que deseaba era que ganara la Eurocopa y disfrutar con un sistema de juego, el famoso &#8220;tiqui-taca&#8221;, que es una maravilla. El sue\u00f1o de todo deportista: ganar jugando bien.<\/p>\n<p style=\"text-align: justify;\">Cambio de registro: salto a Vicente del Bosque as\u00ed, de sorpresa. Del Bosque gan\u00f3 dos Copas de Europa, con un equipazo tremendo. Le a\u00f1aden el ser un hombre que domina los banquillos por su talante tranquilo. Del Bosque, al que considero un entrenador sobrevalorado, y ahora explicar\u00e9 el porqu\u00e9, tuvo un equipo hecho. No asumi\u00f3 un Real Madrid en construcci\u00f3n. Era un equipo de estrellas. Y, adem\u00e1s, los entrenadores que lo sucedieron -L\u00f3pez Caro, Luxemburgo- lo hicieron a\u00fan mejor.<\/p>\n<p style=\"text-align: justify;\">Del Bosque jam\u00e1s entren\u00f3 a otro equipo. En el suyo, ya estaban Ra\u00fal, en una \u00e9poca \u00e1lgida de su f\u00fatbol; Zidane, Figo, Roberto Carlos&#8230; Los a\u00f1os dorados de Florentino. \u00bfQu\u00e9 resultados habr\u00eda tenido Del Bosque en otro equipo? \u00bfAlguna vez dirigi\u00f3 a un Valencia, Sevilla, Villarreal, Betis, Mallorca&#8230;? Del Bosque tuvo su equipazo y no fue a ning\u00fan gran club europeo, fueran las circunstancias que fueran.<\/p>\n<p style=\"text-align: justify;\">Viaj\u00f3 a Turqu\u00eda a entrenar, al igual que Aragon\u00e9s lo hizo al abandonar la selecci\u00f3n, y a ambos les fue mal. Sin ser ventajista, porque al menos Aragon\u00e9s acab\u00f3 la temporada, lo dejaremos en que ambos volvieron tras una temporada mediocre. Es cierto que podr\u00eda haberle pasado otro tanto de lo mismo a Aragon\u00e9s, ser despedido a los pocos meses, porque es un f\u00fatbol de segundo nivel europeo y sus clubes son dirigidos de forma at\u00edpica.<\/p>\n<p style=\"text-align: justify;\">Del Bosque, de nuevo, no s\u00f3lo asume un equipo hecho, con un sistema que intent\u00f3 cambiar alguna vez con extremos, para luego volver al sistema de Luis. Madrecita, me quedo como estoy. Y no s\u00f3lo hecho: un equipo ganador. Un equipo que ha ganado ya un t\u00edtulo de esa relevancia no tiene el mismo &#8220;peso&#8221; que un equipo que se queda a las puertas del t\u00edtulo.<\/p>\n<p style=\"text-align: justify;\">Del Bosque, en un partido contra los Estados Unidos donde la forma f\u00edsica ha sido un h\u00e1ndicap para el equipo nacional, no aprovecha los cambios y, como se dice en el argot, &#8220;muere&#8221; con los titulares. El cambio de Cazorla y no aprovechar un tercer cambio a quince o veinte minutos del final, por ejemplo para colocar a un goleador especialista en el juego a\u00e9reo como Fernando LLorente, no se entiende muy bien. Ni, tampoco, que no hiciera un cambio en el centro del campo, con Silva principalmente, que aunque &#8220;tocado&#8221; f\u00edsicamente, podr\u00eda haber jugado quince o veinte minutos. Medio cojo es mejor que todo el centro del campo de los estadounidenses y, encima, hubiera incorporado frescura.<\/p>\n<p style=\"text-align: justify;\">Ahora hagamos examen de conciencia, futbol\u00edsticamente hablando. Del Bosque no es, de repente, un mal entrenador, pero hoy no estuvo. Los entrenadores toman decisiones y en \u00e9stas radica su \u00e9xito o fracaso. Pero Del Bosque, con meridiana claridad, se dir\u00eda que aguard\u00f3 a que lo natural, que Espa\u00f1a es superior, se impusiera frente a la resistencia de los gringos. Que un golpe de genialidad de Villa, Torres, Cesc, Xavi decidiera la remontada. Ahora tendr\u00e1 que asumir riesgos y no esperar que a veces las cosas sucedan porque s\u00ed, y basarse exclusivamente en la calidad de sus jugadores.<\/p>\n<p style=\"text-align: justify;\">Un entrenador ayuda siempre a un equipo con sus decisiones. Cuando no las toma, malo. Si fuera Aragon\u00e9s el que pierde hoy, estar\u00eda muerto deportivamente hablando, y las cr\u00edticas ser\u00edan feroces.<\/p>\n<p style=\"text-align: justify;\">Aragon\u00e9s nos di\u00f3 una identidad, una Eurocopa -que, a mi juicio, es menor que poseer un estilo definido de juego-, y dentro de unas generaciones, con otros periodistas deportivos, recoger\u00e1n que Espa\u00f1a tuvo una identidad futbol\u00edstica, y que con un f\u00fatbol preciosista encandil\u00f3 al mundo con un tal Luis Aragon\u00e9s, leyenda de nuestro futbol como entrenador y jugador -y no soy del Atl\u00e9tico de Madrid-. Y luego vayan a explicarles porqu\u00e9 una gran parte del periodismo deportivo sopes\u00f3 su actuaci\u00f3n profesional desde la empat\u00eda personal. Es como si un directivo de Iberdrola o Microsoft cobrara seg\u00fan lo bien que se lleva con sus compa\u00f1eros y no seg\u00fan su rendimiento profesional.<\/p>\n<p style=\"text-align: justify;\">\u00bfEs \u00e9ste el periodismo que nos merecemos? S\u00ed, es divertido, ameno, pero roza con lo m\u00e1s rid\u00edculo, en ocasiones, de la &#8220;prensa rosa&#8221; y el populismo forofista m\u00e1s rancio. El amiguismo produce un periodismo de un nivel intelectual mediocre, deteni\u00e9ndose en aspectos ajenos a la objetividad. Es como si un periodista pol\u00edtico estuviera hablando de c\u00f3mo es Obama en la intimidad de su familia, en vez de hablar de su programa electoral. La prensa deportiva se ha vuelto sensacionalista, y como tal, se vuelve mediocre por momentos.<\/p>\n<p style=\"text-align: justify;\">Me quedo con las ganas de titular el art\u00edculo: Del Bosque, el tipo con suerte. \ud83d\ude00<\/p>\n<p style=\"text-align: center;\">[email_link]\n","protected":false},"excerpt":{"rendered":"<p>Espa\u00f1a ha perdido con Estados Unidos 2-0 en la semifinales de la Copa Confederaci\u00f3n. Y el debate sobre Aragon\u00e9s y Del Bosque se aviva. El periodismo deportivo de este pa\u00eds, bajo mi punto de vista, se mueve, desgraciadamente, en los afectos. Se aleja de la objetividad deportiva; los periodistas se convierten en forofos de sus equipos: Tom\u00e1s Roncero, Pedro Pablo[&#8230;]<\/p>\n","protected":false},"author":1,"featured_media":0,"comment_status":"open","ping_status":"open","sticky":false,"template":"","format":"standard","meta":{"footnotes":""},"categories":[10],"tags":[221,728,1059,1070,1766,2032,2108,2423,2563,3015,3120,3414],"class_list":["post-3222","post","type-post","status-publish","format-standard","hentry","category-la-ciudad-reflexiva","tag-as","tag-cope","tag-el-larguero","tag-el-mundo-deportivo","tag-jose-ramon-de-la-morena","tag-luis-aragones","tag-marca","tag-onda-cero","tag-periodismo-deportivo","tag-ser","tag-sport","tag-vicente-del-bosque"],"_links":{"self":[{"href":"https:\/\/escribocreativo.com\/blog\/wp-json\/wp\/v2\/posts\/3222","targetHints":{"allow":["GET"]}}],"collection":[{"href":"https:\/\/escribocreativo.com\/blog\/wp-json\/wp\/v2\/posts"}],"about":[{"href":"https:\/\/escribocreativo.com\/blog\/wp-json\/wp\/v2\/types\/post"}],"author":[{"embeddable":true,"href":"https:\/\/escribocreativo.com\/blog\/wp-json\/wp\/v2\/users\/1"}],"replies":[{"embeddable":true,"href":"https:\/\/escribocreativo.com\/blog\/wp-json\/wp\/v2\/comments?post=3222"}],"version-history":[{"count":0,"href":"https:\/\/escribocreativo.com\/blog\/wp-json\/wp\/v2\/posts\/3222\/revisions"}],"wp:attachment":[{"href":"https:\/\/escribocreativo.com\/blog\/wp-json\/wp\/v2\/media?parent=3222"}],"wp:term":[{"taxonomy":"category","embeddable":true,"href":"https:\/\/escribocreativo.com\/blog\/wp-json\/wp\/v2\/categories?post=3222"},{"taxonomy":"post_tag","embeddable":true,"href":"https:\/\/escribocreativo.com\/blog\/wp-json\/wp\/v2\/tags?post=3222"}],"curies":[{"name":"wp","href":"https:\/\/api.w.org\/{rel}","templated":true}]}}