{"id":3289,"date":"2009-07-10T19:01:45","date_gmt":"2009-07-10T18:01:45","guid":{"rendered":"http:\/\/poesiamas.net\/blog\/?p=3289"},"modified":"2009-07-10T19:01:45","modified_gmt":"2009-07-10T18:01:45","slug":"lo-que-nos-une","status":"publish","type":"post","link":"https:\/\/escribocreativo.com\/blog\/2009\/07\/10\/lo-que-nos-une\/","title":{"rendered":"Lo que nos une"},"content":{"rendered":"<p style=\"text-align: justify;\"><a href=\"https:\/\/escribocreativo.com\/blog\/wp-content\/uploads\/2009\/07\/78-11.jpg\"><img loading=\"lazy\" decoding=\"async\" class=\"alignleft size-medium wp-image-3290\" style=\"margin: 5px;\" title=\"78-11\" src=\"https:\/\/escribocreativo.com\/blog\/wp-content\/uploads\/2009\/07\/78-11-177x300.jpg\" alt=\"78-11\" width=\"177\" height=\"300\" \/><\/a>Me hace gracia esa incidencia machacona en lo diferente que somos unos de otros; en la b\u00fasqueda eterna de esa sustancia que nos hace \u00fanicos e irrepetibles.<\/p>\n<p style=\"text-align: justify;\">M\u00e1s gracia me hace que todav\u00eda no nos hayan marcado, uno a uno, con un c\u00f3digo de barras, de tal forma que uno pueda demostrar que, sin saber exactamente lo que es -una ilusi\u00f3n, un ideal plat\u00f3nico, una certeza-, uno lo posee.<\/p>\n<p style=\"text-align: justify;\">Sin embargo, tengo la convicci\u00f3n de que,\u00a0 m\u00e1s que buscar las diferencias, habr\u00eda que buscar las semejanzas. &#8220;D\u00edvidelos y vencer\u00e1s&#8221;, se dijo el capitalismo al encontrar el planeta lleno de potenciales trabajadores. El sentido de lo \u00fanico, la personalidad, la b\u00fasqueda de las caracter\u00edsticas del propio &#8220;yo&#8221; que nos hace diferentes, s\u00f3lo es un modo m\u00e1s de potenciar la competitividad entre nosotros.<\/p>\n<p style=\"text-align: justify;\"><!--more--><\/p>\n<p style=\"text-align: justify;\">Somos una especie peculiar. Es probable que si un cient\u00edfico analizara una comuna de perdices en una granja experimental, acabar\u00eda d\u00e1ndole nombres a cada una y destacando particularidades inviduales. Pero no dejar\u00eda de ser una percepci\u00f3n del observador; lo que ser\u00eda interesante es analizar su comportamiento social, la existencia o no de un l\u00edder, los rituales de apareamiento, los recursos defensivos ante los depredadores, etc.<\/p>\n<p style=\"text-align: justify;\">As\u00ed, encuentro que nosotros, los hombres y mujeres de este planeta, aproximadamente:<\/p>\n<p style=\"text-align: justify;\">1) nos emocionamos ante las mismas tragedias<\/p>\n<p style=\"text-align: justify;\">2) disfrutamos del sexo<\/p>\n<p style=\"text-align: justify;\">3) nos re\u00edmos en las mismas situaciones<\/p>\n<p style=\"text-align: justify;\">4) tenemos un sentido del planeta y de su conservaci\u00f3n (aunque sea \u00e9ste un rasgo posmodernista, pero tambi\u00e9n vale)<\/p>\n<p style=\"text-align: justify;\">y he puesto los primeros que me han venido as\u00ed, a vuelapluma. Ser padres, perder a alguien querido, etc. etc., esas emociones, los deseos, etc. nos hacen tan semejantes que por eso mismo podr\u00edamos decir que una persona nacida en La Aldea (Gran Canaria) tiene muchas m\u00e1s cosas en com\u00fan con una nacida en San Petersburgo que diferencias, porque las diferencias son culturales, de eduaci\u00f3n, etc., es decir, determinadas por el contexto, pero no por lo que nos une como personas, en esencia.<\/p>\n<p style=\"text-align: justify;\">As\u00ed que menos potenciar eso de &#8220;el ser interior&#8221; y sentirse uno especial porque &#8220;lo siente&#8221;, y m\u00e1s empat\u00eda. Si nos pinchan con una aguja, duele, y de com\u00fan, sale sangre.<\/p>\n<blockquote><p><em>Y as\u00ed me lo han contado.<\/em><\/p>\n<p>Giovanni Guareschi, <em>Don Camilo.<\/em><\/p><\/blockquote>\n<p style=\"text-align: center;\">[email_link]\n","protected":false},"excerpt":{"rendered":"<p>Me hace gracia esa incidencia machacona en lo diferente que somos unos de otros; en la b\u00fasqueda eterna de esa sustancia que nos hace \u00fanicos e irrepetibles. M\u00e1s gracia me hace que todav\u00eda no nos hayan marcado, uno a uno, con un c\u00f3digo de barras, de tal forma que uno pueda demostrar que, sin saber exactamente lo que es -una[&#8230;]<\/p>\n","protected":false},"author":1,"featured_media":0,"comment_status":"open","ping_status":"open","sticky":false,"template":"","format":"standard","meta":{"footnotes":""},"categories":[10],"tags":[676,1082,1637],"class_list":["post-3289","post","type-post","status-publish","format-standard","hentry","category-la-ciudad-reflexiva","tag-competitividad","tag-el-ser-interior","tag-individualidad"],"_links":{"self":[{"href":"https:\/\/escribocreativo.com\/blog\/wp-json\/wp\/v2\/posts\/3289","targetHints":{"allow":["GET"]}}],"collection":[{"href":"https:\/\/escribocreativo.com\/blog\/wp-json\/wp\/v2\/posts"}],"about":[{"href":"https:\/\/escribocreativo.com\/blog\/wp-json\/wp\/v2\/types\/post"}],"author":[{"embeddable":true,"href":"https:\/\/escribocreativo.com\/blog\/wp-json\/wp\/v2\/users\/1"}],"replies":[{"embeddable":true,"href":"https:\/\/escribocreativo.com\/blog\/wp-json\/wp\/v2\/comments?post=3289"}],"version-history":[{"count":0,"href":"https:\/\/escribocreativo.com\/blog\/wp-json\/wp\/v2\/posts\/3289\/revisions"}],"wp:attachment":[{"href":"https:\/\/escribocreativo.com\/blog\/wp-json\/wp\/v2\/media?parent=3289"}],"wp:term":[{"taxonomy":"category","embeddable":true,"href":"https:\/\/escribocreativo.com\/blog\/wp-json\/wp\/v2\/categories?post=3289"},{"taxonomy":"post_tag","embeddable":true,"href":"https:\/\/escribocreativo.com\/blog\/wp-json\/wp\/v2\/tags?post=3289"}],"curies":[{"name":"wp","href":"https:\/\/api.w.org\/{rel}","templated":true}]}}