{"id":3295,"date":"2009-07-13T20:48:52","date_gmt":"2009-07-13T19:48:52","guid":{"rendered":"http:\/\/poesiamas.net\/blog\/?p=3295"},"modified":"2015-03-14T00:51:18","modified_gmt":"2015-03-14T00:51:18","slug":"la-voragine-informativa-sintomatologia-y-su-tratamiento","status":"publish","type":"post","link":"https:\/\/escribocreativo.com\/blog\/2009\/07\/13\/la-voragine-informativa-sintomatologia-y-su-tratamiento\/","title":{"rendered":"La vor\u00e1gine informativa: sintomatolog\u00eda y su tratamiento"},"content":{"rendered":"<p style=\"text-align: justify;\"><a href=\"https:\/\/escribocreativo.com\/blog\/wp-content\/uploads\/2009\/07\/sun-logo_792190a.gif\"><img loading=\"lazy\" decoding=\"async\" class=\"alignleft size-full wp-image-3296\" style=\"margin: 5px;\" title=\"sun-logo_792190a\" src=\"https:\/\/escribocreativo.com\/blog\/wp-content\/uploads\/2009\/07\/sun-logo_792190a.gif\" alt=\"sun-logo_792190a\" width=\"239\" height=\"74\" \/><\/a>&#8220;Despacio, que tengo prisa&#8221;, podr\u00eda ser un buen lema para el periodismo y los blogs. As\u00ed se demostr\u00f3 en el art\u00edculo <a href=\"http:\/\/www.elpais.com\/articulo\/opinion\/Falsedades\/inventos\/refritos\/aldea\/global\/elpepiopi\/20090712elpepiopi_5\/Tes\" target=\"_blank\"><em>Falsedades, inventos y refritos en la aldea global<\/em><\/a>, que public\u00f3 El Pa\u00eds el pasado domingo, 12 de julio, en su edici\u00f3n impresa.<\/p>\n<p style=\"text-align: justify;\">Que lo diga la Defensora del Lector no me da m\u00e1s raz\u00f3n; en art\u00edculos anteriores ya hab\u00eda comentado que la calidad debe primar sobre la inmediatez en los contenidos. Pero los argumentos de Milagros P\u00e9rez Oliva son contundentes:<\/p>\n<blockquote style=\"text-align: justify;\"><p>\u00bfQu\u00e9 hace que un diario como EL PA\u00cdS pueda ser citado con seguridad por el resto de la prensa cuando publica una noticia en exclusiva? Su credibilidad. La presunci\u00f3n de veracidad, es decir, el convencimiento de que se nutre de fuentes solventes y de que las noticias que publica son rigurosamente contrastadas. Aunque intangible, \u00e9se es el principal capital de un diario, y se gana con el esfuerzo continuado de todos sus profesionales. \u00bfPuede perder un peri\u00f3dico credibilidad si \u00e9l mismo ofrece como fuente de sus informaciones a medios que no tienen esa misma credibilidad? \u00bfEs suficiente en estos casos con citar la fuente?<\/p><\/blockquote>\n<p style=\"text-align: justify;\"><!--more--><\/p>\n<p style=\"text-align: justify;\">El art\u00edculo hace menci\u00f3n a tres incidentes: uno, la autopsia de Michael Jackson lanzada de inmediato al mundo virtual por <em>The Sun<\/em>, que era falsa; dos, un reportaje falso a Pen\u00e9lope Cruz, que a\u00fan advirtiendo su agente de su falsedad, se publica; y tres, un plagio de un reportaje de <em>The Guardian<\/em>.<\/p>\n<p style=\"text-align: justify;\">La calidad y la veracidad de la informaci\u00f3n no deben ir de la mano de la inmediatez. Como lector, espero que los diarios digitales, a pesar del\u00a0 medio vertiginoso en el que est\u00e1n imbuidos, verifiquen la informaci\u00f3n y la contrasten debidamente. No se trata de una apuesta por ver qui\u00e9n lanza primero la noticia; se trata de dar la correcta y mantener al mundo informado.<\/p>\n<p style=\"text-align: justify;\">Que, en un mundo tan globalizado, un medio de comunicaci\u00f3n pretenda ser el primero en dar catorce o dos noticias es pr\u00e1cticamente imposible. Un lector no acudir\u00e1, o no deber\u00eda, a un medio determinado porque la noticia se la den antes, sino porque sea, en efecto, cierta.<\/p>\n<p style=\"text-align: justify;\">Una de las razones que esgrimen en El\u00a0 Pa\u00eds para dar la noticia es precisamente su r\u00e1pida difusi\u00f3n en el mundo virtual:<\/p>\n<blockquote>\n<p style=\"text-align: justify;\"><strong>La noticia de <em>The Sun<\/em> sobre la autopsia se propag\u00f3 r\u00e1pidamente por la red y EL PA\u00cdS no pod\u00eda dejar de darla<\/strong>. \u00c9ramos conscientes de que a las dos horas pod\u00eda ser desmentida, pero tambi\u00e9n pod\u00eda ser verdad. En un medio <em>on line,<\/em> la informaci\u00f3n se va dando y modificando constantemente. Lo importante en este caso es darle al lector elementos para que pueda valorar la fiabilidad de la fuente. En este caso lo hicimos advirtiendo de que se trata de un diario sensacionalista.<\/p>\n<\/blockquote>\n<p style=\"text-align: justify;\">Vemos c\u00f3mo los peri\u00f3dicos son -se me hab\u00eda olvidado- empresas, y tienen que funcionar, y dar beneficios. Esto es: que una noticia se propague por la red hace inevitable que un peri\u00f3dico digital la publique.<\/p>\n<p style=\"text-align: justify;\">Esto, desde luego, deja en muy mal lugar no s\u00f3lo el periodismo digital, sino el periodismo en general, y genera, de nuevo, mi duda en cuanto a la viabilidad de los blogs como medios adecuados para dinfudir la informaci\u00f3n: son medios para difundir opini\u00f3n a trav\u00e9s de la informaci\u00f3n. La informaci\u00f3n es otra cosa y deber\u00eda ser manejada por periodistas.<\/p>\n<p style=\"text-align: justify;\">Me temo que este mal end\u00e9mico de que s\u00f3lo vale lo inmediato se ha propagado, en efecto, por el mundo virtual, como una peste, y que es s\u00f3lo reflejo hiperb\u00f3lico del mundo de all\u00e1 afuera.<\/p>\n<p style=\"text-align: justify;\">Un \u00faltimo pensamiento: generar la necesidad de la informaci\u00f3n, esto es, la necesidad de disponer en todo momento de ella y de forma inmediata, es una necesidad creada por la publicidad y los <em>mass media<\/em>. No necesitamos, para vivir, saber constantemente todo lo que sucede en el mundo. Ni tenemos la capacidad de asimilar toda esa informaci\u00f3n, ni el tiempo.<\/p>\n<p style=\"text-align: justify;\">Tendremos que aprender, al igual que ha hecho la Ecolog\u00eda con\u00a0 el medio ambiente, a manejar la informaci\u00f3n y a tomarla en peque\u00f1as p\u00edldoras, aprender a no sentirnos apabullados y a no tener la necesidad de sentirnos en una marea de palabras que golpeen nuestra mente hasta dejarnos atolondrados.<\/p>\n<p style=\"text-align: justify;\">Michael Jackson no iba a estar menos muerto si me entero de su fallecimiento cuatro horas m\u00e1s tarde. \u00bfNo?<\/p>\n<p style=\"text-align: center;\">[email_link]\n<p style=\"text-align: justify;\">\n","protected":false},"excerpt":{"rendered":"<p>&#8220;Despacio, que tengo prisa&#8221;, podr\u00eda ser un buen lema para el periodismo y los blogs. As\u00ed se demostr\u00f3 en el art\u00edculo Falsedades, inventos y refritos en la aldea global, que public\u00f3 El Pa\u00eds el pasado domingo, 12 de julio, en su edici\u00f3n impresa. Que lo diga la Defensora del Lector no me da m\u00e1s raz\u00f3n; en art\u00edculos anteriores ya hab\u00eda[&#8230;]<\/p>\n","protected":false},"author":1,"featured_media":0,"comment_status":"open","ping_status":"open","sticky":false,"template":"","format":"standard","meta":{"footnotes":""},"categories":[3608],"tags":[368,1169,1646,2562,2660,3464],"class_list":["post-3295","post","type-post","status-publish","format-standard","hentry","category-literatura","tag-blogs","tag-errores","tag-informacion","tag-periodismo","tag-posmodernismo","tag-voragine"],"_links":{"self":[{"href":"https:\/\/escribocreativo.com\/blog\/wp-json\/wp\/v2\/posts\/3295","targetHints":{"allow":["GET"]}}],"collection":[{"href":"https:\/\/escribocreativo.com\/blog\/wp-json\/wp\/v2\/posts"}],"about":[{"href":"https:\/\/escribocreativo.com\/blog\/wp-json\/wp\/v2\/types\/post"}],"author":[{"embeddable":true,"href":"https:\/\/escribocreativo.com\/blog\/wp-json\/wp\/v2\/users\/1"}],"replies":[{"embeddable":true,"href":"https:\/\/escribocreativo.com\/blog\/wp-json\/wp\/v2\/comments?post=3295"}],"version-history":[{"count":0,"href":"https:\/\/escribocreativo.com\/blog\/wp-json\/wp\/v2\/posts\/3295\/revisions"}],"wp:attachment":[{"href":"https:\/\/escribocreativo.com\/blog\/wp-json\/wp\/v2\/media?parent=3295"}],"wp:term":[{"taxonomy":"category","embeddable":true,"href":"https:\/\/escribocreativo.com\/blog\/wp-json\/wp\/v2\/categories?post=3295"},{"taxonomy":"post_tag","embeddable":true,"href":"https:\/\/escribocreativo.com\/blog\/wp-json\/wp\/v2\/tags?post=3295"}],"curies":[{"name":"wp","href":"https:\/\/api.w.org\/{rel}","templated":true}]}}