{"id":3329,"date":"2009-07-20T12:13:32","date_gmt":"2009-07-20T11:13:32","guid":{"rendered":"http:\/\/poesiamas.net\/blog\/?p=3329"},"modified":"2009-07-20T12:13:32","modified_gmt":"2009-07-20T11:13:32","slug":"el-reciclaje-perpetuo-la-certeza-de-la-muerte","status":"publish","type":"post","link":"https:\/\/escribocreativo.com\/blog\/2009\/07\/20\/el-reciclaje-perpetuo-la-certeza-de-la-muerte\/","title":{"rendered":"El reciclaje perpetuo: la certeza de la muerte"},"content":{"rendered":"<p style=\"text-align: justify;\"><a href=\"https:\/\/escribocreativo.com\/blog\/wp-content\/uploads\/2009\/07\/muerte.jpg\"><img loading=\"lazy\" decoding=\"async\" class=\"alignleft size-medium wp-image-3330\" style=\"margin: 5px;\" title=\"muerte\" src=\"https:\/\/escribocreativo.com\/blog\/wp-content\/uploads\/2009\/07\/muerte-241x300.jpg\" alt=\"muerte\" width=\"241\" height=\"300\" \/><\/a>No es por ser aguafiestas, pero una vez que hayamos muerto, no queda nada por hacer porque no podemos hacerlo. \u00a1Esta es la verdadera tragedia! A\u00fan dando veracidad a todas las propuestas de una vida plena y maravillosa en &#8220;otra dimensi\u00f3n&#8221; que garantizan las &#8220;grandes&#8221; religiones -\u00bfcurioso, no, que prometan casi todas lo mismo?-, en esta no queda absolutamente nada que hacer. La muerte es la nada, el vac\u00edo, la ausencia.<\/p>\n<p style=\"text-align: justify;\">Se descompondr\u00e1n los huesos y las v\u00edsceras y seremos, como dec\u00eda Quevedo:<\/p>\n<blockquote>\n<p style=\"text-align: justify;\">ser\u00e1n ceniza, mas tendr\u00e1 sentido;<br \/>\npolvo ser\u00e1n, mas polvo enamorado.<\/p><\/blockquote>\n<p style=\"text-align: justify;\">Y entonces la naturaleza, m\u00e1s sabia que nadie, cre\u00f3 el estado febril de la juventud, la ilusi\u00f3n de una juventud eterna que no acabar\u00eda jam\u00e1s:<\/p>\n<blockquote>\n<p style=\"text-align: justify;\">La juventud es la fiebre de la raz\u00f3n<\/p>\n<p style=\"text-align: justify;\"><em>M\u00e1ximas, <\/em>La Rochefoucauld<\/p>\n<\/blockquote>\n<p style=\"text-align: justify;\">Y durante ese periodo descarado, en que la vida se manifiesta en todo su potencial, no hay meta inalcanzable, quimeras o imposibles. Toda fantas\u00eda y todo sue\u00f1o es probable aqu\u00ed y ahora, o en un futuro breve.<\/p>\n<p style=\"text-align: justify;\"><!--more--><\/p>\n<p style=\"text-align: justify;\">Es por eso que, en esos a\u00f1os juveniles, la naturaleza planifica la reproducci\u00f3n de la especie. La juventud, el olor penetrante, los cuerpos tonificados y que explotan en miles de hormonas que van sacudi\u00e9ndose al caminar.<\/p>\n<p style=\"text-align: justify;\">Uno de los ardides m\u00e1s recurrentes para perpetuar la ilusi\u00f3n de la vida es la fama. Conseguir una trascendencia en el recuerdo parece mitigar, para algunos, la certeza de la muerte. Y no sirve de nada, porque \u00bfde qu\u00e9 sirve el recuerdo? El recuerdo no te permite escribir m\u00e1s novelas o fabricar m\u00e1s panes. El recuerdo es una falsa pr\u00f3tesis. No poder estar y hacer es imposible de sustituir. Por eso se fabrican nuevos \u00eddolos y l\u00edderes sociales, porque\u00a0 da la impresi\u00f3n de que los necesitamos. Falsa impresi\u00f3n.<\/p>\n<p style=\"text-align: justify;\">He visto una\u00a0 y cien veces a grandes genios morir, y la naturaleza, de nuevo, nos gana por la mano: el estado de constante juventud que recicla el invierno en una rueda que gira y gira nos lleva siempre a un estado de potencia y acto, a la adoraci\u00f3n y la mitificaci\u00f3n de la etapa juvenil, aquella donde todo era expandir el ser y la mente. La muerte entierra a la muerte. Lo que es importante no es ser un genio, sino la posibilidad de seguir creando.<\/p>\n<p style=\"text-align: justify;\">Tras la muerte, que llegar\u00e1, no hay pensamiento, ni lenguaje. La vida es una suma de recuerdos y el paso de los a\u00f1os y los avisos del cuerpo sobre nuestro lento desgaste son s\u00edntomas que no pueden dejarse de lado. El recordatorio es una preparaci\u00f3n para lo inevitable. Estamos de paso, cumplimos una misi\u00f3n determinada, y luego la historia nos cubre de un fin\u00edsimo manto. Forma parte del engranaje: todo lo que no es ahora y febril no cabe, porque el mundo es una propuesta de primavera eterna.<\/p>\n<p style=\"text-align: justify;\">Los latinos tenemos un sentido tr\u00e1gico de la muerte; es obvio que nos gustar\u00eda pasarnos siglos bebiendo, cantando y riendo, que es lo que nuestra cultura nos impregna desde que nacemos.<\/p>\n<p style=\"text-align: justify;\">Un d\u00eda moriremos sin m\u00e1s, por una raz\u00f3n inexplicable -jam\u00e1s existir\u00e1 una que nos consuele o convenza- y ajena a nuestro empe\u00f1o. Nuestro esfuerzo por aguantar m\u00e1s tiempo forma parte de la esencia vida de la vida; la vida quiere eso mismo, vivir, y el deseo de estar y ser forma parte del sistema. El primer sistema de reciclaje efectivo, si uno lo piensa con frialdad.<\/p>\n<p style=\"text-align: justify;\">Y esto es todo lo simple que puede ser.<\/p>\n<p style=\"text-align: justify;\">Primero es la muerte.<\/p>\n<p style=\"text-align: justify;\">Y luego viene la nada.<\/p>\n<p style=\"text-align: center;\">[email_link]\n","protected":false},"excerpt":{"rendered":"<p>No es por ser aguafiestas, pero una vez que hayamos muerto, no queda nada por hacer porque no podemos hacerlo. \u00a1Esta es la verdadera tragedia! A\u00fan dando veracidad a todas las propuestas de una vida plena y maravillosa en &#8220;otra dimensi\u00f3n&#8221; que garantizan las &#8220;grandes&#8221; religiones -\u00bfcurioso, no, que prometan casi todas lo mismo?-, en esta no queda absolutamente nada[&#8230;]<\/p>\n","protected":false},"author":1,"featured_media":0,"comment_status":"open","ping_status":"open","sticky":false,"template":"","format":"standard","meta":{"footnotes":""},"categories":[10],"tags":[1273,1312,1807,2268,2310,3424],"class_list":["post-3329","post","type-post","status-publish","format-standard","hentry","category-la-ciudad-reflexiva","tag-fama","tag-fiebre","tag-juventud","tag-muerte","tag-naturaleza","tag-vida"],"_links":{"self":[{"href":"https:\/\/escribocreativo.com\/blog\/wp-json\/wp\/v2\/posts\/3329","targetHints":{"allow":["GET"]}}],"collection":[{"href":"https:\/\/escribocreativo.com\/blog\/wp-json\/wp\/v2\/posts"}],"about":[{"href":"https:\/\/escribocreativo.com\/blog\/wp-json\/wp\/v2\/types\/post"}],"author":[{"embeddable":true,"href":"https:\/\/escribocreativo.com\/blog\/wp-json\/wp\/v2\/users\/1"}],"replies":[{"embeddable":true,"href":"https:\/\/escribocreativo.com\/blog\/wp-json\/wp\/v2\/comments?post=3329"}],"version-history":[{"count":0,"href":"https:\/\/escribocreativo.com\/blog\/wp-json\/wp\/v2\/posts\/3329\/revisions"}],"wp:attachment":[{"href":"https:\/\/escribocreativo.com\/blog\/wp-json\/wp\/v2\/media?parent=3329"}],"wp:term":[{"taxonomy":"category","embeddable":true,"href":"https:\/\/escribocreativo.com\/blog\/wp-json\/wp\/v2\/categories?post=3329"},{"taxonomy":"post_tag","embeddable":true,"href":"https:\/\/escribocreativo.com\/blog\/wp-json\/wp\/v2\/tags?post=3329"}],"curies":[{"name":"wp","href":"https:\/\/api.w.org\/{rel}","templated":true}]}}