{"id":3356,"date":"2009-07-23T12:57:59","date_gmt":"2009-07-23T11:57:59","guid":{"rendered":"http:\/\/poesiamas.net\/blog\/?p=3356"},"modified":"2009-07-23T12:57:59","modified_gmt":"2009-07-23T11:57:59","slug":"mi-abuelo-es-en-realidad-el-super-abuelo","status":"publish","type":"post","link":"https:\/\/escribocreativo.com\/blog\/2009\/07\/23\/mi-abuelo-es-en-realidad-el-super-abuelo\/","title":{"rendered":"Mi abuelo es en realidad&#8230; \u00a1El Super Abuelo!"},"content":{"rendered":"<p style=\"text-align: justify;\"><a href=\"https:\/\/escribocreativo.com\/blog\/wp-content\/uploads\/2009\/07\/alimentacion_danone_1944.jpg\"><img loading=\"lazy\" decoding=\"async\" class=\"alignleft size-medium wp-image-3357\" style=\"margin: 5px;\" title=\"alimentacion_danone_1944\" src=\"https:\/\/escribocreativo.com\/blog\/wp-content\/uploads\/2009\/07\/alimentacion_danone_1944-300x223.jpg\" alt=\"alimentacion_danone_1944\" width=\"210\" height=\"156\" \/><\/a>Dicen los italianos que la juventud acaba a los 35. Y es que estos italianos son unos cachondos mentales y, adem\u00e1s, unos inteligentes.<\/p>\n<p style=\"text-align: justify;\">Ya que est\u00e1 demostrado que la juventud es una cuesti\u00f3n mental, de esp\u00edritu, y de motivaci\u00f3n, dar\u00e9 un ejemplo propio y cercano: mi abuelo.<\/p>\n<p style=\"text-align: justify;\">Mi <em>abu<\/em> fue a la guerra civil y de sus compa\u00f1eros que residen, que \u00e9l sepa, es el \u00fanico vivo. Ha ido a los entierros de todos los dem\u00e1s, me cont\u00f3. Es curioso, pero ha hecho amigos a una edad avanzada, lo que significa que nunca es tarde para incorporar gente a tu vida.<\/p>\n<p style=\"text-align: justify;\">Ah, se me olvidaba. Acaba de cumplir noventa a\u00f1os.<\/p>\n<p style=\"text-align: justify;\">Ahora mismo acaba de llegar, con un amigo, de trabajar un ratito en el campo, con sus hortalizas, y est\u00e1 cantando. Claro, es que le acaban de renovar el carnet de conducir. A m\u00ed y a mi familia nos gustar\u00eda conocer al examinador que se lo renueva, para explicarle que, a\u00fan superando las pruebas, no deber\u00eda d\u00e1rselo.<\/p>\n<p style=\"text-align: justify;\"><!--more--><\/p>\n<p style=\"text-align: justify;\">Conduciendo es peculiar. Ahora, claro, lo usa bastante menos, por presi\u00f3n familiar, pero a\u00fan as\u00ed lo coge. \u00bfPor qu\u00e9? Porque siempre coge el mismo camino y se sabe los stops, los ceda el paso y sem\u00e1foros de memoria, y as\u00ed sobrevive en la jungla de asfalto.<\/p>\n<p style=\"text-align: justify;\">Una tarde \u00edbamos en direcci\u00f3n al puerto de la capital, en una autopista de tres carriles. Yo, de copiloto. Mi abuelo por el carril central, no recuerdo de que estar\u00edamos hablando. En sus tiempos hab\u00eda menos coches, y probablemente no pod\u00edan ir tan r\u00e1pido, y casi siempre lo usaba para ir al campo o para ir a Mercalaspalmas -que es un gran mercado de abastecimiento de mercanc\u00edas, porque durante toda su vida regent\u00f3 una tienda-. Pues resulta que, para cambiar de carril, con toda su pachorra, me dice:<\/p>\n<p style=\"text-align: justify;\">-Mira a ver si no viene nadie por la derecha que me cambio.<\/p>\n<p style=\"text-align: justify;\">Y claro, uno empieza a sudar.<\/p>\n<p style=\"text-align: justify;\">-Pero abuelo, c\u00f3mo voy a mirar si viene uno&#8230;<\/p>\n<p style=\"text-align: justify;\">-Que mires, <em>coi<\/em> -que es como dec\u00eda la gente antiguamente co\u00f1o, y as\u00ed parec\u00eda que no lo dec\u00eda-. T\u00fa me avisas y me paso.<\/p>\n<p style=\"text-align: justify;\">Unos segundos largu\u00edsimos despu\u00e9s.<\/p>\n<p style=\"text-align: justify;\">-Va, \u00a1ahora, ahora!<\/p>\n<p style=\"text-align: justify;\">Y dando un aceler\u00f3n se pas\u00f3 de carril.<\/p>\n<p style=\"text-align: justify;\">D\u00edas despu\u00e9s, con mi madre, el susto en mi recuerdo:<\/p>\n<p style=\"text-align: justify;\">-Yo no voy m\u00e1s con abuelo en coche.<\/p>\n<p style=\"text-align: justify;\">Mi abuelo ten\u00eda la primera tienda de comercio en Las Palmas. Quiero decir, del reparto. Ten\u00edan la obligaci\u00f3n de repartirle a \u00e9l primero, creo que porque la due\u00f1a original -a la que le compr\u00f3 la tienda all\u00e1 por mi novecientos cuarenta y tantos, a los pocos a\u00f1os de acabada la guerra civil- ten\u00eda el apellido que empezaba por la letra a.<\/p>\n<p style=\"text-align: justify;\">Tuvo cartillas de racionamiento, evidentemente, y aunque digamos que compet\u00eda con tres tiendas m\u00e1s, en un radio de veinte metros, \u00e9l ten\u00eda a casi toda la clientela, llegando a tener casi mil cartillas -porque, yo que vi muchos a\u00f1os c\u00f3mo atend\u00eda en su tienda, estaba siempre de chiste, que es parte ineludible de su personalidad: hacer bromas a las clientas, tener siempre un chiste a mano, digamos que, en el trato personal, se gana a la gente-. Recuerdo escuchar a alguna clienta: &#8220;\u00a1Ay!, Anto\u00f1ito -porque se llama Antonio-, usted siempre est\u00e1 de buen humor&#8221;. Y claro, en malos tiempos, el humor vende.<\/p>\n<p style=\"text-align: justify;\">Y el resto de tiendas fueron cerrando, y se trasladaron o bien cambiaron el negocio. Y, seg\u00fan mi abuelo, eran muy buenos amigos, y jam\u00e1s tuvo un problema con ninguno. De hecho, dec\u00eda, se pasaban mercanc\u00eda o se la ocultaban -la del carbull\u00f3n, claro, para venderla luego- en los almacenes unos de otros, pues era la \u00fanica forma de mantener a las familias porque con la venta racionada viv\u00edan igual que cualquier otro: en aquella \u00e9poca no fue un negocio, era s\u00f3lo una profesi\u00f3n m\u00e1s para ganarse la vida. As\u00ed que mi abuelo era un revolucionario tipo Dick Turpin o Robin Hood, por verlo desde el punto de vista rom\u00e1ntico. Tuvo que fiar a mucha gente porque me cuenta que &#8220;\u00bfy si no tiene para comer, qu\u00e9 hago, les dejo que se mueran de hambre?&#8221;, y curiosamente, una vez cerrada la tienda, a\u00f1os despu\u00e9s, vino gente a pagarle deudas de hasta 40.000 pesetas de la \u00e9poca -hablo ya de los a\u00f1os noventa del siglo pasado-, que no era poco dinero. Y mi abuelo todav\u00eda se sorprende de c\u00f3mo la gente, al cabo de los a\u00f1os, viene a pagar lo que deb\u00eda. Y yo le digo: pero c\u00f3mo dejabas que la gente tuviera tanto dinero de deuda. Y me volv\u00eda a lo mismo: me contaba cada tragedia personal -porque claro, el tendero en aquella \u00e9poca era un centro de cotilleo, recuerdo de ni\u00f1o tragarme la vida y milagros de cada persona del barrio- y volv\u00eda al argumento de qu\u00e9 le iba a decir a quien no ten\u00eda dinero y eran buenas personas, seg\u00fan \u00e9l, y que por la vida no pod\u00edan tenerlo. Pues dec\u00eda que les llevaba compras y cuando se enteraba -porque en aquella \u00e9poca uno se enteraba de todo- que una familia ten\u00eda necesidad, iba con fulano o mengano a llevarle una comprita b\u00e1sica.<\/p>\n<p style=\"text-align: justify;\">Eran otros tiempos y otros valores: \u00a1con decir que mi abuelo me dec\u00eda que en aquella \u00e9poca dejabas la puerta del zagu\u00e1n abierta! \u00bfY no entraba nadie?, le preguntaba. Y el dec\u00eda: porqu\u00e9 iban a entrar.<\/p>\n<p style=\"text-align: justify;\">Volviendo a la tienda, \u00bfque hab\u00eda carbull\u00f3n en la \u00e9poca? Lo hab\u00eda. Y lo sab\u00edan las autoridades, aunque ven\u00edan inspectores -como los de hacienda, pero en plan Gestapo- a las tiendas a ver si la mercanc\u00eda que ten\u00eda pose\u00eda factura. Y las multas eran de a\u00fapa, para la \u00e9poca. Es decir, el gobierno echaba la vista a un lado para que entrara mercanc\u00eda, pero al mismo tiempo iba a las tiendas a requisarla, si lograba encontrarla.<\/p>\n<p style=\"text-align: justify;\">El carbull\u00f3n, en Canarias, hac\u00eda referencia al contrabando. As\u00ed, la gente pod\u00eda comprar m\u00e1s alimento que el racionado. Por familia estaba racionado todo: desde el gofio hasta el pan, desde el chocolate hasta&#8230; hasta lo que hubiera, porque hab\u00eda poco. Nada de boutiques del gourmet, aunque por medio del carbull\u00f3n se consegu\u00edan verdaderos manajares que, seg\u00fan dec\u00eda mi abuelo, pod\u00edan pagar las familias adineradas de la capital.<\/p>\n<p style=\"text-align: justify;\">Un caso curioso de la \u00e9poca que tuvo mi abuelo fue el del chocolate. Como todo ten\u00eda su peso y su medida por ley, mi abuelo, al igual que el resto de tiendas, ten\u00eda que vender equis gramos de chocolate por persona, como m\u00e1ximo. El chocolate ven\u00eda en paquetes de doscientos gramos, as\u00ed que repart\u00eda, pongamos por caso, tres paquetes por persona y mes.<\/p>\n<p style=\"text-align: justify;\">Pues un d\u00eda viene un inspector y le empieza a pedir esto, lo otro&#8230; y dice mi abuelo que le pide un paquete de chocolate. Mi abuelo se lo da, y lo pesa.<\/p>\n<p style=\"text-align: justify;\">-Mire -le dice el inspector-, aqu\u00ed pone ciento ochenta gramos. Le faltan veinte.<\/p>\n<p style=\"text-align: justify;\">\u00a1Ah! Mi abuelo dice que entonces pens\u00f3: este ya sab\u00eda lo del chocolate, y vino aqu\u00ed a ver si confiscaba m\u00e1s mercanc\u00eda.<\/p>\n<p style=\"text-align: justify;\">Pues mi abuelo le dice que \u00e9l no envasa el chocolate, se lo traen as\u00ed de la f\u00e1brica, pero el inspector dice que no puede hacer nada y que le confisca la mercanc\u00eda y adem\u00e1s le tiene que multar por vender menos cantidad al mismo precio.<\/p>\n<p style=\"text-align: justify;\">Cosas que pasaban en el franquismo. Luego, claro, tuvo que ir a una entrevista con una de las m\u00e1ximas autoridades de la \u00e9poca, muy divertida, donde mi abuelo cuenta c\u00f3mo le habl\u00f3 con toda franqueza para que le quitaran una multa que consideraba injusta. Cada vez que lo recuerdo se me saltan las l\u00e1grimas de la risa.<\/p>\n<p style=\"text-align: justify;\">Pero eso y mucho m\u00e1s, para el siguiente art\u00edculo.<\/p>\n<p style=\"text-align: center;\">[email_link]\n","protected":false},"excerpt":{"rendered":"<p>Dicen los italianos que la juventud acaba a los 35. Y es que estos italianos son unos cachondos mentales y, adem\u00e1s, unos inteligentes. Ya que est\u00e1 demostrado que la juventud es una cuesti\u00f3n mental, de esp\u00edritu, y de motivaci\u00f3n, dar\u00e9 un ejemplo propio y cercano: mi abuelo. Mi abu fue a la guerra civil y de sus compa\u00f1eros que residen,[&#8230;]<\/p>\n","protected":false},"author":1,"featured_media":0,"comment_status":"open","ping_status":"open","sticky":false,"template":"","format":"standard","meta":{"footnotes":""},"categories":[10],"tags":[55,499,1486,1807,3273],"class_list":["post-3356","post","type-post","status-publish","format-standard","hentry","category-la-ciudad-reflexiva","tag-abuelo","tag-carbullon","tag-guerra-civil","tag-juventud","tag-tienda"],"_links":{"self":[{"href":"https:\/\/escribocreativo.com\/blog\/wp-json\/wp\/v2\/posts\/3356","targetHints":{"allow":["GET"]}}],"collection":[{"href":"https:\/\/escribocreativo.com\/blog\/wp-json\/wp\/v2\/posts"}],"about":[{"href":"https:\/\/escribocreativo.com\/blog\/wp-json\/wp\/v2\/types\/post"}],"author":[{"embeddable":true,"href":"https:\/\/escribocreativo.com\/blog\/wp-json\/wp\/v2\/users\/1"}],"replies":[{"embeddable":true,"href":"https:\/\/escribocreativo.com\/blog\/wp-json\/wp\/v2\/comments?post=3356"}],"version-history":[{"count":0,"href":"https:\/\/escribocreativo.com\/blog\/wp-json\/wp\/v2\/posts\/3356\/revisions"}],"wp:attachment":[{"href":"https:\/\/escribocreativo.com\/blog\/wp-json\/wp\/v2\/media?parent=3356"}],"wp:term":[{"taxonomy":"category","embeddable":true,"href":"https:\/\/escribocreativo.com\/blog\/wp-json\/wp\/v2\/categories?post=3356"},{"taxonomy":"post_tag","embeddable":true,"href":"https:\/\/escribocreativo.com\/blog\/wp-json\/wp\/v2\/tags?post=3356"}],"curies":[{"name":"wp","href":"https:\/\/api.w.org\/{rel}","templated":true}]}}