{"id":3360,"date":"2009-07-23T21:17:23","date_gmt":"2009-07-23T20:17:23","guid":{"rendered":"http:\/\/poesiamas.net\/blog\/?p=3360"},"modified":"2009-07-23T21:17:23","modified_gmt":"2009-07-23T20:17:23","slug":"la-vanidad-es-mi-pecado-favorito","status":"publish","type":"post","link":"https:\/\/escribocreativo.com\/blog\/2009\/07\/23\/la-vanidad-es-mi-pecado-favorito\/","title":{"rendered":"La vanidad es mi pecado favorito"},"content":{"rendered":"<p style=\"text-align: justify;\"><a href=\"https:\/\/escribocreativo.com\/blog\/wp-content\/uploads\/2009\/07\/SWEET-BIRD-OF-YOUTH-1SH.JPG\"><img loading=\"lazy\" decoding=\"async\" class=\"alignleft size-medium wp-image-3394\" style=\"margin: 5px;\" title=\"SWEET BIRD OF YOUTH 1SH\" src=\"https:\/\/escribocreativo.com\/blog\/wp-content\/uploads\/2009\/07\/SWEET-BIRD-OF-YOUTH-1SH-197x300.jpg\" alt=\"SWEET BIRD OF YOUTH 1SH\" width=\"197\" height=\"300\" \/><\/a>\u00bfLa vanidad? Esa arp\u00eda que se esconde tan bien y que casa con los sentimientos negativos como un im\u00e1n atrae un clavo,\u00a0 tiene la particularidad de que se disfraza con m\u00e1s profesionalidad que Mortadelo, de tal forma que es  complicado afirmar cu\u00e1ndo hay vanidad y cuando no.<\/p>\n<p style=\"text-align: justify;\">Por ejemplo, en Kurioso&#8217;s Web, he le\u00eddo un art\u00edculo con mucha incidencia de lectores llamado <a href=\"http:\/\/kurioso.wordpress.com\/2009\/07\/20\/la-cocina-de-los-blogs\" target=\"_blank\">La cocina de los blogs<\/a>. En ella, podemos ver a varios blogueros an\u00f3nimos&#8230; quiero decir, a varios blogueros reconocidos en la blogosfera -qu\u00e9 palabreja m\u00e1s peyorativa, habr\u00e1 que inventar otra, no entiendo que la red sea esf\u00e9rica- para que podamos ver d\u00f3nde trabajan.<\/p>\n<p style=\"text-align: justify;\"><!--more--><\/p>\n<p style=\"text-align: justify;\">Entre los elegidos, Fogonazos, Mangas Verdes, Loogic, Abad\u00eda Digital, Ricardo Galli, Microsiervos, etc. Vamos, todos gente an\u00f3nima. No me suena ninguno. \ud83d\ude00<\/p>\n<p style=\"text-align: justify;\">Como hay fans de Mark Knopfler, o de Mafalda, los habr\u00e1 de blogueros. A ellos les podr\u00e1 ser super interesante ver d\u00f3nde escriben -digo yo que ser\u00e1 en un ordenador, ya sea port\u00e1til, pc, o definiendo un poco, un Mac-.<\/p>\n<p style=\"text-align: justify;\">Como vi la noticia en Mangas Verdes, entr\u00e9 all\u00ed y solt\u00e9 lo que pensaba: <a href=\"http:\/\/mangasverdes.es\/2009\/07\/20\/la-kuriococina-de-los-blogs\/#comments\" target=\"_blank\">que era una acto de vanidad<\/a>. Con mucho respeto, claro.<\/p>\n<p style=\"text-align: justify;\">Pues de empanada mental pas\u00e9 a r\u00e1cano envidioso -pero no troll, de momento, que me acabo de enterar de lo\u00a0 que es-. Aguant\u00e9 estoicamente. Claro que entiendo que en blog ajeno, como en casa ajena, uno se mantiene en una cierta posici\u00f3n de debate de ideas y no entra en la desclasificaci\u00f3n, aunque hay que reconocer que Kurioso&#8217;s estuvo elegante luego conmigo.<\/p>\n<p style=\"text-align: justify;\">Pero en mi blog, digo lo que me salga de los cojones. Los cojones es eso que tengo en las axilas y que Garc\u00eda M\u00e1rquez llamaba golondrinos. A m\u00ed me gusta m\u00e1s cojones, como homenaje al fen\u00f3meno mundial de la deslocalizaci\u00f3n.<\/p>\n<p style=\"text-align: justify;\">A fin de cuentas, no nos pondremos de acuerdo. Me dicen en Mangas Verdes que:<\/p>\n<blockquote>\n<p style=\"text-align: justify;\">Sin acritud, claro, creo que tienes cierta empanada mental y das palos al aire intentando justificar un argumento rid\u00edculo. La \u00fanica \u2018\u00e9lite\u2019 que hay en esto de los blogs es la que deciden los lectores. Luego, cada cual, es libre de referenciar o no referenciar lo que le venga en gana.<\/p>\n<\/blockquote>\n<blockquote>\n<p style=\"text-align: justify;\">Dentro de una misma sociedad pueden existir distintas \u00e9lites, dependiendo de los intereses particulares de cada una de ellas. La existencia de estas \u00e9lites en plural se relaciona con la creciente diferenciaci\u00f3n de la sociedad. En la medida que distintos campos sociales se van haciendo cada vez m\u00e1s aut\u00f3nomos (<a title=\"Arte\" href=\"http:\/\/es.wikipedia.org\/wiki\/Arte\">arte<\/a>, <a title=\"Econom\u00eda\" href=\"http:\/\/es.wikipedia.org\/wiki\/Econom%C3%ADa\">econom\u00eda<\/a>, <a title=\"Ciencia\" href=\"http:\/\/es.wikipedia.org\/wiki\/Ciencia\">ciencia<\/a>, <a title=\"Pol\u00edtica\" href=\"http:\/\/es.wikipedia.org\/wiki\/Pol%C3%ADtica\">pol\u00edtica<\/a>, etc.), <strong>van emergiendo \u00e9lites sectoriales que defienden sus propios puntos de vista<\/strong>. Desde este \u00e1ngulo, uno de los problemas centrales de las sociedades modernas es la integraci\u00f3n horizontal, es decir, el mantenimiento de relaciones medianamente arm\u00f3nicas entre distintas \u00e9lites sectoriales. Por otra parte, tambi\u00e9n presentan el desaf\u00edo de la integraci\u00f3n vertical, esto es, el establecimiento de un contacto fluido con el com\u00fan de la poblaci\u00f3n.<\/p>\n<p style=\"text-align: justify;\">Elite, definici\u00f3n en <a href=\"http:\/\/es.wikipedia.org\/wiki\/Elite\" target=\"_blank\">Wikipedia<\/a>.<\/p>\n<\/blockquote>\n<p style=\"text-align: justify;\">Si lo \u00fanico que cuenta es a qui\u00e9nes siguen los lectores, no es un argumento que rebata al m\u00edo, que es el que: existen las \u00e9lites. Estoy convencido que M. Almeida es consciente de que lo es. Si no, se puede leer su \u00faltima entrevista en Luz de Gas en su blog: si te llaman para no se cu\u00e1ntos actos y entrevistas anuales, digo yo que ser\u00e1 por algo. \u00a1Pero si yo no digo que no se lo merezca, hombre! Yo hablo de otra cosa, la gente tiende a verlo como ataques personales. No, no. No es ataque personal. Ni me molesta que cada uno referencie a quien le de la gana. A m\u00ed en qu\u00e9 me afecta: ma\u00f1ana seguir\u00e9 siendo pobre.<\/p>\n<p style=\"text-align: justify;\">Tener un blog es una forma de ganarse la vida, y es l\u00f3gico que quien lleg\u00f3 antes y entendi\u00f3 c\u00f3mo hacerlo, no va a dejar de ganar dinero con un blog o todo lo que rodea a estos: foros, entrevistas, etc. Cada uno en su casa y Marx en la de todos.<\/p>\n<p style=\"text-align: justify;\">Sin embargo, siempre he pensado, y llevo en esto del blog menos de un a\u00f1o, que si entendemos la \u00e9lite como aquellos que son los m\u00e1s seguidos, tenemos entonces una perspectiva pobre, y que hay ciertos aspectos que parecen acercarse, en t\u00e9rminos futbol\u00edsticos, al bloguero-gal\u00e1ctico.<\/p>\n<p style=\"text-align: justify;\">A m\u00ed me hubiera resultado m\u00e1s interesante un ejercicio de may\u00e9utica con Mangas Verdes y Kurioso&#8217;s, analizando objetivamente el concepto de \u00e9lite, si ellos lo son, si se sienten, si no, si es una etiqueta ajena, si entienden su relevancia social en este aspecto, que ponerme a debatir sobre un art\u00edculo de unos blogueros con el escritorio donde escriben.<\/p>\n<p style=\"text-align: justify;\">Y, como dije en mi \u00faltimo comentario:<\/p>\n<blockquote>\n<p style=\"text-align: justify;\">As\u00ed que una cosa es que t\u00fa hagas lo que quieras y otra bien distinta estar sujeto a la cr\u00edtica. <strong>Si tienes una relevancia estad\u00edstica y eso te da directamente una pertenencia a una \u00e9lite, est\u00e1s expuesto a que todo lo que hagas sea bien visto o no. Y a m\u00ed me parece un pecado de vanidad<\/strong>, al igual que puede serlo la portavoz del PP que, dada su relevancia social -la \u00e9lite- aparece en El Mundo en un reportaje sexy. Si no fuera portavoz del PP nadie ver\u00eda las fotos; y por eso mismo est\u00e1 sujeta a cr\u00edtica, y forma parte de su cargo y su relevancia. En una pol\u00edtica me resulta vanidoso el gesto; <strong>en un blog, si lo hubieras hecho con gente an\u00f3nima en plan \u201cenv\u00edame tu foto con tu escritorio donde trabajas en tu blog\u201d, genial; escogiendo a los l\u00edderes, te critico<\/strong>. Yo tambi\u00e9n estoy abierto a la cr\u00edtica y vaya si me han dado ca\u00f1a en mi blog. Se asume como parte del proceso de opinar.<\/p>\n<\/blockquote>\n<p style=\"text-align: justify;\">No es mi primer art\u00edculo sobre el tema, ni ser\u00e1 el \u00faltimo. Me divierte, por una parte, y por otra me enoja. No es obsesi\u00f3n, ni envidia -tengo 15 suscriptores y no veo en un futuro cercano que vaya a tener muchos m\u00e1s,\u00a0 no lo dir\u00e9 demasiado alto no sea que se me d\u00e9 de baja alguno \ud83d\ude00 -. Atacar por el lado de la envidia&#8230; Bueno, vale, me encantar\u00eda tener 10.000 suscriptores. Pero porqu\u00e9 iba a &#8220;atacar&#8221; a los blogueros-\u00e9lite. Ataco al sistema en general, no a nadie en particular. Greenpeace tiene envidia porque &#8220;ataca&#8221; a Exxon o las centrales nucleares o qu\u00e9. Greenpeace cree en algo y act\u00faa, simplemente.<\/p>\n<p><script type=\"text\/javascript\"><!--\ngoogle_ad_client = \"pub-8129239002981358\";\n\/* 336x280, creado 3\/11\/08 *\/\ngoogle_ad_slot = \"7958439179\";\ngoogle_ad_width = 336;\ngoogle_ad_height = 280;\n\/\/-->\n<\/script><br \/>\n<script type=\"text\/javascript\"\nsrc=\"http:\/\/pagead2.googlesyndication.com\/pagead\/show_ads.js\">\n<\/script><\/p>\n<p style=\"text-align: justify;\">Me enoja porque los blogs se han convertido, de nuevo, en un reflejo de la sociedad. \u00bfY qu\u00e9 esperabas? , me dices. Chico\/a, no dec\u00edan que era un mundo libre ajeno a las estructuras sociales tradicionales. Que hab\u00eda libertad, m\u00e1s igualdad, y menos gilipolleces.<\/p>\n<p style=\"text-align: justify;\">Pues no. M\u00e1s de lo mismo. \u00bfNo quer\u00edas sopa, Mafalda? Pues dos tazas. Por cierto, como dije en mi comentario, tengo votado al blog de Kurioso&#8217;s\u00a0 en los premios 20blogs, y me parece que Mangas Verdes hace un trabajo de calidad e interesante, aunque no siempre comparta todo, como es l\u00f3gico y sano. Y m\u00e1s me da orgullo que sea un blog de un canario, qu\u00e9 quieres.<\/p>\n<p style=\"text-align: justify;\">Concluyo con <a href=\"http:\/\/alt1040.com\/2005\/04\/existe-la-elite-blogosferica\" target=\"_blank\">este comentario en Alt1040<\/a> de <a href=\"http:\/\/abladias.blogspot.com\/\" target=\"_blank\">Fernando Polo, de Ablad\u00edas<\/a>:<\/p>\n<blockquote>\n<p style=\"text-align: justify;\">&#8220;<strong>S\u00ed, hay una \u00e9lite.<br \/>\nY s\u00ed, esa \u00e9lite se linka endog\u00e1micamente una y otra vez. Y otros aspirantes hacen lo mismo.<\/strong><\/p>\n<p><strong>Y esta \u00e9lite tiene casi exclusivamente que ver con con la cantidad de tiempo que llevan en la blogocosa. Y es as\u00ed, porque Google y los agregadores RSS lo favorecen. Y la \u00fanica forma de desbancarla es tender a un modelo diferente del actual en nociones de acceso a contenidos.<\/strong>&#8220;<\/p><\/blockquote>\n<p style=\"text-align: justify;\">Lo dijo en 2005, pero qu\u00e9 lento pasa el tiempo \u00bfPodemos hacer un internet m\u00e1s justo o equilibrado? \u00bfSon inevitables las \u00e9lites? \u00bfO me pierdo en un debate del que los \u00e1rboles no me dejan ver el bosque? Uno siempre est\u00e1 a tiempo de aprender y rectificar. <em>Qu\u00ed lo s\u00e1<\/em>.<\/p>\n<blockquote>\n<blockquote style=\"text-align: justify;\"><p>La vanidad es, definitivamente, mi pecado favorito.<\/p>\n<p>Al Pacino en <em>Pactar con el diablo<\/em><\/p><\/blockquote>\n<\/blockquote>\n<p style=\"text-align: center;\">[email_link]\n","protected":false},"excerpt":{"rendered":"<p>\u00bfLa vanidad? Esa arp\u00eda que se esconde tan bien y que casa con los sentimientos negativos como un im\u00e1n atrae un clavo,\u00a0 tiene la particularidad de que se disfraza con m\u00e1s profesionalidad que Mortadelo, de tal forma que es complicado afirmar cu\u00e1ndo hay vanidad y cuando no. Por ejemplo, en Kurioso&#8217;s Web, he le\u00eddo un art\u00edculo con mucha incidencia de[&#8230;]<\/p>\n","protected":false},"author":1,"featured_media":0,"comment_status":"open","ping_status":"open","sticky":false,"template":"","format":"standard","meta":{"footnotes":""},"categories":[3],"tags":[367,368,1966,3389],"class_list":["post-3360","post","type-post","status-publish","format-standard","hentry","category-web-20","tag-blogosfera","tag-blogs","tag-lideres","tag-vanidad"],"_links":{"self":[{"href":"https:\/\/escribocreativo.com\/blog\/wp-json\/wp\/v2\/posts\/3360","targetHints":{"allow":["GET"]}}],"collection":[{"href":"https:\/\/escribocreativo.com\/blog\/wp-json\/wp\/v2\/posts"}],"about":[{"href":"https:\/\/escribocreativo.com\/blog\/wp-json\/wp\/v2\/types\/post"}],"author":[{"embeddable":true,"href":"https:\/\/escribocreativo.com\/blog\/wp-json\/wp\/v2\/users\/1"}],"replies":[{"embeddable":true,"href":"https:\/\/escribocreativo.com\/blog\/wp-json\/wp\/v2\/comments?post=3360"}],"version-history":[{"count":0,"href":"https:\/\/escribocreativo.com\/blog\/wp-json\/wp\/v2\/posts\/3360\/revisions"}],"wp:attachment":[{"href":"https:\/\/escribocreativo.com\/blog\/wp-json\/wp\/v2\/media?parent=3360"}],"wp:term":[{"taxonomy":"category","embeddable":true,"href":"https:\/\/escribocreativo.com\/blog\/wp-json\/wp\/v2\/categories?post=3360"},{"taxonomy":"post_tag","embeddable":true,"href":"https:\/\/escribocreativo.com\/blog\/wp-json\/wp\/v2\/tags?post=3360"}],"curies":[{"name":"wp","href":"https:\/\/api.w.org\/{rel}","templated":true}]}}